{"id":11183,"date":"2011-03-13T09:49:35","date_gmt":"2011-03-13T08:49:35","guid":{"rendered":"http:\/\/konsumpf.de\/?p=11183"},"modified":"2011-03-13T10:29:14","modified_gmt":"2011-03-13T09:29:14","slug":"die-atom-debatte-reloaded","status":"publish","type":"post","link":"https:\/\/konsumpf.de\/?p=11183","title":{"rendered":"Die Atom-Debatte reloaded"},"content":{"rendered":"<p><img loading=\"lazy\" decoding=\"async\" class=\"alignright size-thumbnail wp-image-11194\" title=\"atomic__\" src=\"http:\/\/konsumpf.de\/wp-content\/uploads\/2011\/03\/atomic__-250x160.jpg\" alt=\"\" width=\"161\" height=\"103\" srcset=\"https:\/\/konsumpf.de\/wp-content\/uploads\/2011\/03\/atomic__-250x160.jpg 250w, https:\/\/konsumpf.de\/wp-content\/uploads\/2011\/03\/atomic__.jpg 300w\" sizes=\"(max-width: 161px) 100vw, 161px\" \/>Anl\u00e4sslich des furchtbaren Erdbebens in Japan, dass nicht nur ganze Landstriche verw\u00fcstet und weit \u00fcber 1000 Menschen das Leben gekostet hat, sondern <a href=\"http:\/\/www.spiegel.de\/wissenschaft\/technik\/0,1518,750479,00.html\">durch die Explosion im Atomkraftwerk Fukushima 1<\/a> nun auch eine atomare Katastrophe heraufbeschw\u00f6rt, stellt sich wieder einmal die Frage, wie verantwortungsvoll bzw. eher verantwortungslos es von Politik und Wirtschaft ist, an dieser Risikotechnologie festzuhalten. Die Debatte um die Verl\u00e4ngerung der Laufzeiten der AKW in Deutschland wird nun also aktueller denn je, und die Bef\u00fcrworter der Kernenergie m\u00fcssen sich weltweit fragen, inwieweit sie die Sicherung von Konzernmacht und wirtschaftlichen Interessen wirklich \u00fcber die Gesundheit der Menschen stellen k\u00f6nnen. Noch ist es zwar hierzulande zu keinem GAU gekommen, aber sicher und sauber ist die Atomkraft selbstverst\u00e4ndlich nicht, allen PR-Bem\u00fchungen der Atomlobby zum Trotz. Ich will an dieser Stelle auch auf die Gefahr hin, mich zu wiederholen, noch mal einige Beitr\u00e4ge ins Ged\u00e4chtnis rufen, die in der letzten Zeit (u.a. auch in meinem Blog). So wurde im NDR kurz \u00fcber die grundlegenden Risiken aufgekl\u00e4rt:<\/p>\n<p><!--more--><\/p>\n<p><object classid=\"clsid:d27cdb6e-ae6d-11cf-96b8-444553540000\" width=\"500\" height=\"405\" codebase=\"http:\/\/download.macromedia.com\/pub\/shockwave\/cabs\/flash\/swflash.cab#version=6,0,40,0\"><param name=\"allowFullScreen\" value=\"true\" \/><param name=\"allowscriptaccess\" value=\"always\" \/><param name=\"src\" value=\"http:\/\/www.youtube.com\/v\/sKaVB8fWkRQ?fs=1&amp;hl=de_DE\" \/><param name=\"allowfullscreen\" value=\"true\" \/><embed type=\"application\/x-shockwave-flash\" width=\"500\" height=\"405\" src=\"http:\/\/www.youtube.com\/v\/sKaVB8fWkRQ?fs=1&amp;hl=de_DE\" allowscriptaccess=\"always\" allowfullscreen=\"true\"><\/embed><\/object><\/p>\n<p><strong>Readers Edition<\/strong> listet in \u201e<a href=\"http:\/\/www.readers-edition.de\/2011\/03\/12\/der-regierungs-gau-bundesgehirne-weiter-abgeschaltet\"><strong>Der Regierungs-GAU: Bundesgehirne bleiben weiter abgeschaltet<\/strong><\/a>\u201c einige der wichtigsten St\u00f6rf\u00e4lle bei Atomkraftwerken in Deutschland auf \u2013 ja, genau, bei all den Meilern, die laut Politik absolut sicher seien&#8230;<\/p>\n<p>Frontal 21 besch\u00e4ftigt sich bereits seit vielen Jahren immer wieder mit den Augenwischereien der Atombef\u00fcrworter \u2013 in der Sondersendung \u201e<strong>Der gro\u00dfe Bluff \u2013 die falschen Versprechen der Atompolitik<\/strong>\u201c werden sowohl die Risiken wie auch die Kosten, die dem B\u00fcrger zugemutet werden, hinterfragt:<\/p>\n<p><object classid=\"clsid:d27cdb6e-ae6d-11cf-96b8-444553540000\" width=\"500\" height=\"311\" codebase=\"http:\/\/download.macromedia.com\/pub\/shockwave\/cabs\/flash\/swflash.cab#version=6,0,40,0\"><param name=\"allowFullScreen\" value=\"true\" \/><param name=\"allowscriptaccess\" value=\"always\" \/><param name=\"src\" value=\"http:\/\/www.youtube.com\/v\/8cXYgucc9mY?fs=1&amp;hl=de_DE\" \/><param name=\"allowfullscreen\" value=\"true\" \/><embed type=\"application\/x-shockwave-flash\" width=\"500\" height=\"311\" src=\"http:\/\/www.youtube.com\/v\/8cXYgucc9mY?fs=1&amp;hl=de_DE\" allowscriptaccess=\"always\" allowfullscreen=\"true\"><\/embed><\/object><\/p>\n<p><object classid=\"clsid:d27cdb6e-ae6d-11cf-96b8-444553540000\" width=\"500\" height=\"311\" codebase=\"http:\/\/download.macromedia.com\/pub\/shockwave\/cabs\/flash\/swflash.cab#version=6,0,40,0\"><param name=\"allowFullScreen\" value=\"true\" \/><param name=\"allowscriptaccess\" value=\"always\" \/><param name=\"src\" value=\"http:\/\/www.youtube.com\/v\/QdDYvYT_eak?fs=1&amp;hl=de_DE\" \/><param name=\"allowfullscreen\" value=\"true\" \/><embed type=\"application\/x-shockwave-flash\" width=\"500\" height=\"311\" src=\"http:\/\/www.youtube.com\/v\/QdDYvYT_eak?fs=1&amp;hl=de_DE\" allowscriptaccess=\"always\" allowfullscreen=\"true\"><\/embed><\/object><\/p>\n<p><object classid=\"clsid:d27cdb6e-ae6d-11cf-96b8-444553540000\" width=\"500\" height=\"311\" codebase=\"http:\/\/download.macromedia.com\/pub\/shockwave\/cabs\/flash\/swflash.cab#version=6,0,40,0\"><param name=\"allowFullScreen\" value=\"true\" \/><param name=\"allowscriptaccess\" value=\"always\" \/><param name=\"src\" value=\"http:\/\/www.youtube.com\/v\/zr2CaHEPinQ?fs=1&amp;hl=de_DE\" \/><param name=\"allowfullscreen\" value=\"true\" \/><embed type=\"application\/x-shockwave-flash\" width=\"500\" height=\"311\" src=\"http:\/\/www.youtube.com\/v\/zr2CaHEPinQ?fs=1&amp;hl=de_DE\" allowscriptaccess=\"always\" allowfullscreen=\"true\"><\/embed><\/object><\/p>\n<p>In der ARD-Sendung <strong>Kontraste<\/strong> kam vor einigen Wochen der interessante Beitrag \u201e<a href=\"http:\/\/www.rbb-online.de\/kontraste\/archiv\/kontraste_vom_13_01\/4__beitrag.html\"><strong>Atomm\u00fcll \u2013 Steuerzahler tragen Folgekosten<\/strong><\/a>\u201c, der wieder einmal deutlich machte, wo das M\u00e4rchen vom \u201ebilligen Atomstrom\u201c seine Wurzeln hat: potentielle und tats\u00e4chliche Kosten werden einfach auf die Allgemeinheit \u00fcberw\u00e4lzt, so dass die Konzerne sich ihre Kernenergie kleinrechnen k\u00f6nnen. Die Zeche zahlt also am Ende der B\u00fcrger, und das sogar unabh\u00e4ngig davon, ob er nun \u00d6kostrom bezieht oder nicht.<\/p>\n<blockquote><p>70.000 Tonnen hochradioaktiven Giftm\u00fclls sollen im staatlichen  Zwischenlager Lubmin eingelagert werden. Ein gro\u00dfer Teil des Abfalls  entstand in deutschen Kernkraftwerken. KONTRASTE deckt exklusiv Vertr\u00e4ge  zwischen Bund und Energiewirtschaft auf. Sie zeigen, warum die Konzerne  ihren Atomm\u00fcll auf Kosten der Steuerzahler entsorgen k\u00f6nnen. (&#8230;)<\/p>\n<p>F\u00fcr die Kosten ihres M\u00fclls m\u00fcsste die Industrie eigentlich selbst  aufkommen. Auch f\u00fcr die Zwischenlagerung. Daf\u00fcr hat die Industrie sogar  eigene Zwischenlager \u2013 zum Beispiel oberirdisch in Gorleben.<\/p>\n<p>Doch  der M\u00fcll aus Karlsruhe wird trotzdem in das staatliche Lager nach  Lubmin verschoben. Dort sollen die Castoren auf Kosten des Steuerzahlers  nun jahrzehntelang zwischengelagert werden.<\/p>\n<p>Die wundersame  Verwandlung von Industriem\u00fcll in M\u00fcll, den der Staat zu entsorgen hat,  gelang durch diese Geheimvertr\u00e4ge. Sie wurden Anfang der 90er Jahre  zwischen der Bundesregierung und der Atomwirtschaft abgeschlossen. (&#8230;)<\/p><\/blockquote>\n<p><object classid=\"clsid:d27cdb6e-ae6d-11cf-96b8-444553540000\" width=\"500\" height=\"311\" codebase=\"http:\/\/download.macromedia.com\/pub\/shockwave\/cabs\/flash\/swflash.cab#version=6,0,40,0\"><param name=\"allowFullScreen\" value=\"true\" \/><param name=\"allowscriptaccess\" value=\"always\" \/><param name=\"src\" value=\"http:\/\/www.youtube.com\/v\/TBC57fr4hb0?fs=1&amp;hl=de_DE\" \/><param name=\"allowfullscreen\" value=\"true\" \/><embed type=\"application\/x-shockwave-flash\" width=\"500\" height=\"311\" src=\"http:\/\/www.youtube.com\/v\/TBC57fr4hb0?fs=1&amp;hl=de_DE\" allowscriptaccess=\"always\" allowfullscreen=\"true\"><\/embed><\/object><\/p>\n<p>Wollen wir hoffen, dass es nicht erst zu einem GAU auch in diesem Lande kommen muss, bis ein Umdenken in der Energiepolitik stattfindet! Bis dahin gilt auf jeden Fall schon mal: <a href=\"http:\/\/www.atomausstieg-selber-machen.de\">Atomausstieg selber machen<\/a>! \u00dcbrigens ruft auch der <strong>WWF<\/strong> anl\u00e4sslich der <strong>Earth Hour 2011<\/strong> zum Umschalten auf und hat auch eine eigene Kampagnen-Website eingerichtet \u2013 <a href=\"http:\/\/www.earthhour2011.de\/site\/energyIndex\">HIER<\/a>.<\/p>\n<h3 class='related_post_title'>Verwandte Beitr\u00e4ge:<\/h3><ul class='related_post'><li><a href=\"http:\/\/konsumpf.de\/?p=11278\" title=\"quer \u00fcber die schwarz-gelbe Atomwende und die Gefahren der Kernenergie\">quer \u00fcber die schwarz-gelbe Atomwende und die Gefahren der Kernenergie<\/a><\/li><li><a href=\"http:\/\/konsumpf.de\/?p=11236\" title=\"Lesetipps: Atomkraft Sonder-Edition\">Lesetipps: Atomkraft Sonder-Edition<\/a><\/li><li><a href=\"http:\/\/konsumpf.de\/?p=9628\" title=\"Was kostet uns der Atomstrom?\">Was kostet uns der Atomstrom?<\/a><\/li><li><a href=\"http:\/\/konsumpf.de\/?p=6224\" title=\"Nuking the climate \u2013 Strahlendes Klima\">Nuking the climate \u2013 Strahlendes Klima<\/a><\/li><li><a href=\"http:\/\/konsumpf.de\/?p=2416\" title=\"Die L\u00fcge vom billigen Atomstrom\">Die L\u00fcge vom billigen Atomstrom<\/a><\/li><\/ul>","protected":false},"excerpt":{"rendered":"<p>Anl\u00e4sslich des furchtbaren Erdbebens in Japan, dass nicht nur ganze Landstriche verw\u00fcstet und weit \u00fcber 1000 Menschen das Leben gekostet hat, sondern durch die Explosion im Atomkraftwerk Fukushima 1 nun auch eine atomare Katastrophe heraufbeschw\u00f6rt, stellt sich wieder einmal die Frage, wie verantwortungsvoll bzw. eher verantwortungslos es von Politik und Wirtschaft ist, an dieser Risikotechnologie [&hellip;]<\/p>\n","protected":false},"author":1,"featured_media":0,"comment_status":"open","ping_status":"open","sticky":false,"template":"","format":"standard","meta":{"footnotes":""},"categories":[91,69,53,50,78],"tags":[169,2873,75,73,2080,2078,2077,2079,206],"yoast_head":"<!-- This site is optimized with the Yoast SEO plugin v24.4 - https:\/\/yoast.com\/wordpress\/plugins\/seo\/ -->\n<title>Die Atom-Debatte reloaded - Konsumpf - Forum f\u00fcr kreative Konsumkritik - Culture Jamming, Nachhaltigkeit, Konzernkritik, Adbusting<\/title>\n<meta name=\"robots\" content=\"index, follow, max-snippet:-1, max-image-preview:large, max-video-preview:-1\" \/>\n<link rel=\"canonical\" href=\"https:\/\/konsumpf.de\/?p=11183\" \/>\n<meta property=\"og:locale\" content=\"de_DE\" \/>\n<meta property=\"og:type\" content=\"article\" \/>\n<meta property=\"og:title\" content=\"Die Atom-Debatte reloaded - Konsumpf - Forum f\u00fcr kreative Konsumkritik - Culture Jamming, Nachhaltigkeit, Konzernkritik, Adbusting\" \/>\n<meta property=\"og:description\" content=\"Anl\u00e4sslich des furchtbaren Erdbebens in Japan, dass nicht nur ganze Landstriche verw\u00fcstet und weit \u00fcber 1000 Menschen das Leben gekostet hat, sondern durch die Explosion im Atomkraftwerk Fukushima 1 nun auch eine atomare Katastrophe heraufbeschw\u00f6rt, stellt sich wieder einmal die Frage, wie verantwortungsvoll bzw. eher verantwortungslos es von Politik und Wirtschaft ist, an dieser Risikotechnologie [&hellip;]\" \/>\n<meta property=\"og:url\" content=\"https:\/\/konsumpf.de\/?p=11183\" \/>\n<meta property=\"og:site_name\" content=\"Konsumpf - Forum f\u00fcr kreative Konsumkritik - Culture Jamming, Nachhaltigkeit, Konzernkritik, Adbusting\" \/>\n<meta property=\"article:published_time\" content=\"2011-03-13T08:49:35+00:00\" \/>\n<meta property=\"article:modified_time\" content=\"2011-03-13T09:29:14+00:00\" \/>\n<meta property=\"og:image\" content=\"http:\/\/konsumpf.de\/wp-content\/uploads\/2011\/03\/atomic__-250x160.jpg\" \/>\n<meta name=\"author\" content=\"Peter M.\" \/>\n<meta name=\"twitter:card\" content=\"summary_large_image\" \/>\n<meta name=\"twitter:label1\" content=\"Verfasst von\" \/>\n\t<meta name=\"twitter:data1\" content=\"Peter M.\" \/>\n\t<meta name=\"twitter:label2\" content=\"Gesch\u00e4tzte Lesezeit\" \/>\n\t<meta name=\"twitter:data2\" content=\"3\u00a0Minuten\" \/>\n<script type=\"application\/ld+json\" class=\"yoast-schema-graph\">{\"@context\":\"https:\/\/schema.org\",\"@graph\":[{\"@type\":\"WebPage\",\"@id\":\"https:\/\/konsumpf.de\/?p=11183\",\"url\":\"https:\/\/konsumpf.de\/?p=11183\",\"name\":\"Die Atom-Debatte reloaded - Konsumpf - Forum f\u00fcr kreative Konsumkritik - Culture Jamming, Nachhaltigkeit, Konzernkritik, Adbusting\",\"isPartOf\":{\"@id\":\"https:\/\/konsumpf.de\/#website\"},\"primaryImageOfPage\":{\"@id\":\"https:\/\/konsumpf.de\/?p=11183#primaryimage\"},\"image\":{\"@id\":\"https:\/\/konsumpf.de\/?p=11183#primaryimage\"},\"thumbnailUrl\":\"http:\/\/konsumpf.de\/wp-content\/uploads\/2011\/03\/atomic__-250x160.jpg\",\"datePublished\":\"2011-03-13T08:49:35+00:00\",\"dateModified\":\"2011-03-13T09:29:14+00:00\",\"author\":{\"@id\":\"https:\/\/konsumpf.de\/#\/schema\/person\/e595a6d286b26994e7e0926d70699070\"},\"breadcrumb\":{\"@id\":\"https:\/\/konsumpf.de\/?p=11183#breadcrumb\"},\"inLanguage\":\"de\",\"potentialAction\":[{\"@type\":\"ReadAction\",\"target\":[\"https:\/\/konsumpf.de\/?p=11183\"]}]},{\"@type\":\"ImageObject\",\"inLanguage\":\"de\",\"@id\":\"https:\/\/konsumpf.de\/?p=11183#primaryimage\",\"url\":\"https:\/\/konsumpf.de\/wp-content\/uploads\/2011\/03\/atomic__.jpg\",\"contentUrl\":\"https:\/\/konsumpf.de\/wp-content\/uploads\/2011\/03\/atomic__.jpg\",\"width\":\"300\",\"height\":\"192\"},{\"@type\":\"BreadcrumbList\",\"@id\":\"https:\/\/konsumpf.de\/?p=11183#breadcrumb\",\"itemListElement\":[{\"@type\":\"ListItem\",\"position\":1,\"name\":\"Startseite\",\"item\":\"https:\/\/konsumpf.de\/\"},{\"@type\":\"ListItem\",\"position\":2,\"name\":\"Die Atom-Debatte reloaded\"}]},{\"@type\":\"WebSite\",\"@id\":\"https:\/\/konsumpf.de\/#website\",\"url\":\"https:\/\/konsumpf.de\/\",\"name\":\"Konsumpf - Forum f\u00fcr kreative Konsumkritik - Culture Jamming, Nachhaltigkeit, Konzernkritik, Adbusting\",\"description\":\"\",\"potentialAction\":[{\"@type\":\"SearchAction\",\"target\":{\"@type\":\"EntryPoint\",\"urlTemplate\":\"https:\/\/konsumpf.de\/?s={search_term_string}\"},\"query-input\":{\"@type\":\"PropertyValueSpecification\",\"valueRequired\":true,\"valueName\":\"search_term_string\"}}],\"inLanguage\":\"de\"},{\"@type\":\"Person\",\"@id\":\"https:\/\/konsumpf.de\/#\/schema\/person\/e595a6d286b26994e7e0926d70699070\",\"name\":\"Peter M.\",\"sameAs\":[\"http:\/\/konsumpf.de\"]}]}<\/script>\n<!-- \/ Yoast SEO plugin. -->","yoast_head_json":{"title":"Die Atom-Debatte reloaded - Konsumpf - Forum f\u00fcr kreative Konsumkritik - Culture Jamming, Nachhaltigkeit, Konzernkritik, Adbusting","robots":{"index":"index","follow":"follow","max-snippet":"max-snippet:-1","max-image-preview":"max-image-preview:large","max-video-preview":"max-video-preview:-1"},"canonical":"https:\/\/konsumpf.de\/?p=11183","og_locale":"de_DE","og_type":"article","og_title":"Die Atom-Debatte reloaded - Konsumpf - Forum f\u00fcr kreative Konsumkritik - Culture Jamming, Nachhaltigkeit, Konzernkritik, Adbusting","og_description":"Anl\u00e4sslich des furchtbaren Erdbebens in Japan, dass nicht nur ganze Landstriche verw\u00fcstet und weit \u00fcber 1000 Menschen das Leben gekostet hat, sondern durch die Explosion im Atomkraftwerk Fukushima 1 nun auch eine atomare Katastrophe heraufbeschw\u00f6rt, stellt sich wieder einmal die Frage, wie verantwortungsvoll bzw. eher verantwortungslos es von Politik und Wirtschaft ist, an dieser Risikotechnologie [&hellip;]","og_url":"https:\/\/konsumpf.de\/?p=11183","og_site_name":"Konsumpf - Forum f\u00fcr kreative Konsumkritik - Culture Jamming, Nachhaltigkeit, Konzernkritik, Adbusting","article_published_time":"2011-03-13T08:49:35+00:00","article_modified_time":"2011-03-13T09:29:14+00:00","og_image":[{"url":"http:\/\/konsumpf.de\/wp-content\/uploads\/2011\/03\/atomic__-250x160.jpg","type":"","width":"","height":""}],"author":"Peter M.","twitter_card":"summary_large_image","twitter_misc":{"Verfasst von":"Peter M.","Gesch\u00e4tzte Lesezeit":"3\u00a0Minuten"},"schema":{"@context":"https:\/\/schema.org","@graph":[{"@type":"WebPage","@id":"https:\/\/konsumpf.de\/?p=11183","url":"https:\/\/konsumpf.de\/?p=11183","name":"Die Atom-Debatte reloaded - Konsumpf - Forum f\u00fcr kreative Konsumkritik - Culture Jamming, Nachhaltigkeit, Konzernkritik, Adbusting","isPartOf":{"@id":"https:\/\/konsumpf.de\/#website"},"primaryImageOfPage":{"@id":"https:\/\/konsumpf.de\/?p=11183#primaryimage"},"image":{"@id":"https:\/\/konsumpf.de\/?p=11183#primaryimage"},"thumbnailUrl":"http:\/\/konsumpf.de\/wp-content\/uploads\/2011\/03\/atomic__-250x160.jpg","datePublished":"2011-03-13T08:49:35+00:00","dateModified":"2011-03-13T09:29:14+00:00","author":{"@id":"https:\/\/konsumpf.de\/#\/schema\/person\/e595a6d286b26994e7e0926d70699070"},"breadcrumb":{"@id":"https:\/\/konsumpf.de\/?p=11183#breadcrumb"},"inLanguage":"de","potentialAction":[{"@type":"ReadAction","target":["https:\/\/konsumpf.de\/?p=11183"]}]},{"@type":"ImageObject","inLanguage":"de","@id":"https:\/\/konsumpf.de\/?p=11183#primaryimage","url":"https:\/\/konsumpf.de\/wp-content\/uploads\/2011\/03\/atomic__.jpg","contentUrl":"https:\/\/konsumpf.de\/wp-content\/uploads\/2011\/03\/atomic__.jpg","width":"300","height":"192"},{"@type":"BreadcrumbList","@id":"https:\/\/konsumpf.de\/?p=11183#breadcrumb","itemListElement":[{"@type":"ListItem","position":1,"name":"Startseite","item":"https:\/\/konsumpf.de\/"},{"@type":"ListItem","position":2,"name":"Die Atom-Debatte reloaded"}]},{"@type":"WebSite","@id":"https:\/\/konsumpf.de\/#website","url":"https:\/\/konsumpf.de\/","name":"Konsumpf - Forum f\u00fcr kreative Konsumkritik - Culture Jamming, Nachhaltigkeit, Konzernkritik, Adbusting","description":"","potentialAction":[{"@type":"SearchAction","target":{"@type":"EntryPoint","urlTemplate":"https:\/\/konsumpf.de\/?s={search_term_string}"},"query-input":{"@type":"PropertyValueSpecification","valueRequired":true,"valueName":"search_term_string"}}],"inLanguage":"de"},{"@type":"Person","@id":"https:\/\/konsumpf.de\/#\/schema\/person\/e595a6d286b26994e7e0926d70699070","name":"Peter M.","sameAs":["http:\/\/konsumpf.de"]}]}},"_links":{"self":[{"href":"https:\/\/konsumpf.de\/index.php?rest_route=\/wp\/v2\/posts\/11183"}],"collection":[{"href":"https:\/\/konsumpf.de\/index.php?rest_route=\/wp\/v2\/posts"}],"about":[{"href":"https:\/\/konsumpf.de\/index.php?rest_route=\/wp\/v2\/types\/post"}],"author":[{"embeddable":true,"href":"https:\/\/konsumpf.de\/index.php?rest_route=\/wp\/v2\/users\/1"}],"replies":[{"embeddable":true,"href":"https:\/\/konsumpf.de\/index.php?rest_route=%2Fwp%2Fv2%2Fcomments&post=11183"}],"version-history":[{"count":12,"href":"https:\/\/konsumpf.de\/index.php?rest_route=\/wp\/v2\/posts\/11183\/revisions"}],"predecessor-version":[{"id":11199,"href":"https:\/\/konsumpf.de\/index.php?rest_route=\/wp\/v2\/posts\/11183\/revisions\/11199"}],"wp:attachment":[{"href":"https:\/\/konsumpf.de\/index.php?rest_route=%2Fwp%2Fv2%2Fmedia&parent=11183"}],"wp:term":[{"taxonomy":"category","embeddable":true,"href":"https:\/\/konsumpf.de\/index.php?rest_route=%2Fwp%2Fv2%2Fcategories&post=11183"},{"taxonomy":"post_tag","embeddable":true,"href":"https:\/\/konsumpf.de\/index.php?rest_route=%2Fwp%2Fv2%2Ftags&post=11183"}],"curies":[{"name":"wp","href":"https:\/\/api.w.org\/{rel}","templated":true}]}}