{"id":10957,"date":"2011-02-28T09:49:29","date_gmt":"2011-02-28T08:49:29","guid":{"rendered":"http:\/\/konsumpf.de\/?p=10957"},"modified":"2011-03-01T22:18:19","modified_gmt":"2011-03-01T21:18:19","slug":"lesetipps-guttenberg-sonder-edition","status":"publish","type":"post","link":"https:\/\/konsumpf.de\/?p=10957","title":{"rendered":"Lesetipps: Guttenberg-Sonder-Edition"},"content":{"rendered":"<div id=\"attachment_10977\" style=\"width: 205px\" class=\"wp-caption alignright\"><img loading=\"lazy\" decoding=\"async\" aria-describedby=\"caption-attachment-10977\" class=\"size-full wp-image-10977\" title=\"guttenberg\" src=\"http:\/\/konsumpf.de\/wp-content\/uploads\/2011\/02\/guttenberg.jpg\" alt=\"\" width=\"195\" height=\"154\" \/><p id=\"caption-attachment-10977\" class=\"wp-caption-text\">Foto: Wikipedia<\/p><\/div>\n<p>Gerade einmal eine gute Woche ist vergangen, als ich <a href=\"http:\/\/konsumpf.de\/?p=10835\">hier im Blog \u00fcber die Guttenberg-Plagiatsaff\u00e4re berichtete<\/a>, und eigentlich ist es ja nicht meine Art, Themen so kurz hintereinander erneut aufzugreifen, noch dazu wo es auch ums tagespolitische Gesch\u00e4ft geht. Aber an Hand des aktuellen Beispiels des Copy-Paste-Freiherrn kann man so musterg\u00fcltig das Wirken unserer Demokratie, also von politischen Machterhaltsbestrebungen und medialem Lagerkampf beobachten, dass es sich doch lohnt, einen Blick darauf zu werfen, was sich in den letzten Tagen so getan hat.<\/p>\n<p>Allen voran m\u00f6chte ich Euch UNBEDINGT den Beitrag auf BR-Online \u201e<a href=\"http:\/\/www.br-online.de\/bayerisches-fernsehen\/rundschau\/guttenberg-plagiat-doktorarbeit-ID1298650729897.xml\"><strong>Wir sind einem Betr\u00fcger aufgesessen<\/strong><\/a>\u201c ans Herz legen, in dem der Bayreuther Staatsrechtler <strong>Prof. Lepsius<\/strong> in bislang selten geh\u00f6rter Deutlichkeit Stellung zu Guttenbergs Verhalten nimmt. Solch einen Klartext w\u00fcnscht man sich auch anderswo, und es w\u00e4re sch\u00f6n, wenn dieses Interview z.B. auch an prominenter Stelle im Fernsehen ausgestrahlt werden w\u00fcrde und nicht in den Untiefen des Netz vergammelt:<\/p>\n<p><!--more--><\/p>\n<blockquote><p>&#8220;F\u00fcr mich steht au\u00dfer Frage, dass Herr zu  Guttenberg ein Betr\u00fcger ist.&#8221; Guttenberg habe planm\u00e4\u00dfig kopiert, so Lepsius. Die Arbeit sei von Anfang  an als Collage geplant: &#8220;Das ist kein Versehen&#8221;. Auch die  Entschuldigung des Verteidigungsministers, nicht absichtlich ein Plagiat  angefertigt zu haben, kann der Staatsrechtler nicht nachvollziehen:  &#8220;Wie kann jemand etwas tun, und nicht wissen was er tut.&#8221; Bei Guttenberg  habe es sich nicht um einen Studenten im zweiten Semester gehandelt. Er  habe die Arbeit am Ende eines langj\u00e4hrigen Promotionsverh\u00e4ltnisses  abgegeben. Lepsius spricht von &#8220;Wirklichkeitsverdr\u00e4ngung&#8221;.<\/p><\/blockquote>\n<p><object classid=\"clsid:d27cdb6e-ae6d-11cf-96b8-444553540000\" width=\"500\" height=\"311\" codebase=\"http:\/\/download.macromedia.com\/pub\/shockwave\/cabs\/flash\/swflash.cab#version=6,0,40,0\"><param name=\"allowFullScreen\" value=\"true\" \/><param name=\"allowscriptaccess\" value=\"always\" \/><param name=\"src\" value=\"http:\/\/www.youtube.com\/v\/6cDZuQBtpVA?fs=1&amp;hl=de_DE\" \/><param name=\"allowfullscreen\" value=\"true\" \/><embed type=\"application\/x-shockwave-flash\" width=\"500\" height=\"311\" src=\"http:\/\/www.youtube.com\/v\/6cDZuQBtpVA?fs=1&amp;hl=de_DE\" allowscriptaccess=\"always\" allowfullscreen=\"true\"><\/embed><\/object><\/p>\n<p>Gerade bei dem Auftritt von Herrn Guttenberg vor seinen CDU-Anh\u00e4ngern in Hessen befiel mich ein sehr ungutes Gef\u00fchl \u2013 wenn jemand so viel Jubel auf sich zieht, obwohl er die vor ihm sitzenden noch in der Woche zuvor dreist angelogen hat (\u201eabstruse Vorw\u00fcrfe\u201c) und wenn die Leute so jemanden trotzdem weiter als den Heiland anhimmeln, dann halte ich das f\u00fcr gef\u00e4hrlich. Vielleicht entspringt das dem Wunsch vieler Menschen, zu jemanden aufsehen zu k\u00f6nnen und es entpricht einer tief sitzenden Sehnsucht nach einer Pers\u00f6nlichkeit, der sie blind folgen k\u00f6nnen. W\u00e4re ja nicht das erste Mal in der deutschen Geschichte&#8230; Genau diesen Gedanken formuliert auch <strong>Feynsinn<\/strong> in \u201e<a href=\"http:\/\/feynsinn.org\/?p=7221\"><strong>Win-win mit dem F\u00fchrer<\/strong><\/a>\u201c:<\/p>\n<blockquote><p>(&#8230;) Dieser \u201eEinbruch einer Popkultur\u201c ist absolut nichts Neues. Die  Blindheit selbst gegen\u00fcber unertr\u00e4glichen und unmenschlichen Z\u00fcgen, die  Spaltung in die schmutzige Realit\u00e4t hier und die Unantastbarkeit der  F\u00fchrerfigur dort, das hatten wir alles schon. Wenn der smarte adelige  Volkstribun von und zu Guttenberg einen betr\u00fcgerischen Aufschneider und  hemmungslosen Karrieristen von sich abspaltet wie eine charakterliche  Bad Bank, dann bedient das die Bed\u00fcrfnisse derjenigen, die sich entr\u00fcckt  jedem F\u00fchrer unterwerfen, der ihnen vorgesetzt wird. Allen anderen kann  dabei nur \u00fcbel werden. (&#8230;)<\/p><\/blockquote>\n<p>In einigen weiteren interessanten Artikel werden noch zus\u00e4tzliche Aspekte der ganzen Aff\u00e4re herausgearbeitet \u2013 so das populistische Ausschlachten (oder gar Anstacheln) einer anti-intellektuellen Grundhaltung in der Bev\u00f6lkerung durch BILD &amp; Co., der weitere Verlust an Glaubw\u00fcrdigkeit von Politik und Presse und die Macht von Strippenziehern und Beziehungsgeflechten in der real existierenden Demokratie. Ich kann die folgenden Beitr\u00e4ge alle uneingeschr\u00e4nkt empfehlen, da sie jeweils unterschiedliche Facetten beleuchten!<\/p>\n<ul>\n<li> Der Spiegel: \u201e<a href=\"http:\/\/www.spiegel.de\/kultur\/tv\/0,1518,747169,00.html\"><strong>Guttenberg-Debatte bei Maischberger. Geliebter Schwindler<\/strong><\/a>\u201c<\/li>\n<li>Bleib passiv: \u201e<a href=\"http:\/\/bleib-passiv.de\/?p=2207\"><strong>Schummel cum laude: die Verteidigungs des Ministers Guttenberg<\/strong><\/a>\u201c<\/li>\n<li>Deutsch-T\u00fcrkische Nachrichten: \u201e<a href=\"http:\/\/www.deutsch-tuerkische-nachrichten.de\/2011\/02\/33798\/\"><strong>Urheberrechts-Strafanwalt: Es spricht vieles daf\u00fcr, dass Guttenberg sich strafbar gemacht hat<\/strong><\/a>\u201c<\/li>\n<li>Die Zeit \u201e<a href=\"http:\/\/www.zeit.de\/politik\/deutschland\/2011-02\/guttenberg-plagiat-bundestag-kommentar\"><strong>Guttenbergs falsche Demut<\/strong><\/a>\u201c<\/li>\n<li>Print w\u00fcrgt: \u201e<a href=\"http:\/\/print-wuergt.de\/2011\/02\/18\/dr-%E2%80%93ctrl%E2%80%93c\/\"><strong>Dr.-ctrl.-c Guttenberg<\/strong><\/a>\u201c<\/li>\n<li>S\u00fcddeutsche Zeitung: \u201e<a href=\"http:\/\/www.sueddeutsche.de\/politik\/guttenberg-krisenstrategie-der-doppelte-karl-theodor-1.1063484\"><strong>Der doppelte Karl-Theodor<\/strong><\/a>\u201c<\/li>\n<li>Sprengsatz. \u201e<a href=\"http:\/\/www.sprengsatz.de\/?p=3616\"><strong>Wenn W\u00e4hler zu sehr lieben<\/strong><\/a>\u201c<\/li>\n<\/ul>\n<p>Zum Abschluss noch der Kommentar von <strong>Matthias Lohre<\/strong> in der taz: \u201e<a href=\"http:\/\/taz.de\/1\/debatte\/kommentar\/artikel\/1\/ein-held-wie-wir\/\"><strong>Ein Held wie wir<\/strong><\/a>\u201c; der Artikel geht auch kritisch mit den Medien wie Spiegel und Stern ins Gericht, die Guttenberg erst hochjubelten und nun eine 180\u00b0-Wendung vollzogen haben:<\/p>\n<blockquote><p>(&#8230;) Helden  existieren nicht aus eigenem Recht. Es gibt sie, weil Menschen an sie  glauben. Heroen sind Projektionen menschlicher Sehns\u00fcchte, und  Guttenberg bedient diese perfekt. Ein Held wie er st\u00fcrzt nicht durch  R\u00fccktrittsforderungen oder universit\u00e4re Pr\u00fcfauftr\u00e4ge. Sondern wenn seine  Anh\u00e4nger ihm die Zuneigung entziehen. Guttenberg ist noch nicht am  Ende. (&#8230;)<\/p>\n<p>(&#8230;) Offenkundig halten es also fast drei Viertel der Befragten  nicht f\u00fcr \u00e4chtenswert, das geistige Eigentum anderer als eigene Leistung  auszugeben und die \u00d6ffentlichkeit zu bel\u00fcgen, wenn die Wahrheit bekannt  wird. Das sagt viel \u00fcber Guttenberg und das Niveau der politischen  Debatte. Aber es sagt mindestens ebenso viel \u00fcber die Moralvorstellungen  breiter Bev\u00f6lkerungsschichten. Jede Gesellschaft hat die Helden, die  sie verdient.<\/p>\n<p>Griechische Heroen waren keine fehlerlosen  Vorbilder, sondern \u00fcberlebensgro\u00dfe Projektionen jener Menschen, die  diese verehrten. Das bedeutet: Wer einen Helden verehrt, ehrt auch sich  selbst. Darum geht es auch bei Guttenberg. Der Held darf nicht fallen,  denn das w\u00fcrde eine Kr\u00e4nkung des Verehrenden bedeuten. So wie sich  Menschen gern etwas verzeihen, was sie ihren Mitb\u00fcrgern vorwerfen, sehen  sie ihrem Heroen nur zu gern Fehlverhalten nach: Er ist ja auch nur ein  Mensch. (&#8230;)<\/p>\n<p>(&#8230;) So versucht  der Minister geschickt, die Rollen in dieser Erz\u00e4hlung zu vertauschen.  Nicht er, der Trickser und T\u00e4uscher, ist der Schurke. Seine Kritiker  sind es, die ihn durch Gerede \u00fcber &#8220;inkorrektes Setzen und Zitieren&#8221;  oder das Weglassen von Fu\u00dfnoten von seinem Heilswerk abhalten. (&#8230;)<\/p><\/blockquote>\n<p>Und um die leidige Geschichte mit einer humorigen Note zu beschlie\u00dfen \u2013 <strong>DerBulo<\/strong> zeigt uns, \u201e<a href=\"http:\/\/twitpic.com\/42nilp\"><strong>Wie Ihr Guttenberg ungestaft eins auf die Nase geben k\u00f6nnt<\/strong><\/a>\u201c:<\/p>\n<p><img loading=\"lazy\" decoding=\"async\" class=\"aligncenter size-full wp-image-10964\" title=\"Guttenberg voll auf die Nase\" src=\"http:\/\/konsumpf.de\/wp-content\/uploads\/2011\/02\/Guttenberg-voll-auf-die-Nase.jpg\" alt=\"\" width=\"450\" height=\"726\" \/><\/p>\n<p>EDIT 1.3.: &#8230;<a href=\"http:\/\/www.spiegel.de\/politik\/deutschland\/0,1518,748486,00.html\"> und tsch\u00fcss!<\/a> :-) Siehe auch den <a href=\"http:\/\/www.nachdenkseiten.de\/?p=8523\">Kommentar der NachDenkSeiten<\/a>.<\/p>\n<h3 class='related_post_title'>Verwandte Beitr\u00e4ge:<\/h3><ul class='related_post'><li><a href=\"http:\/\/konsumpf.de\/?p=10835\" title=\"zu Guttenberg \u2013 eine Lichtgestalt verblasst\">zu Guttenberg \u2013 eine Lichtgestalt verblasst<\/a><\/li><li><a href=\"http:\/\/konsumpf.de\/?p=15332\" title=\"Gef\u00e4hrliche Geheimnisse \u2013 Das Freihandelsabkommen\">Gef\u00e4hrliche Geheimnisse \u2013 Das Freihandelsabkommen<\/a><\/li><li><a href=\"http:\/\/konsumpf.de\/?p=14944\" title=\"Demokratie f\u00fcr Unternehmen\">Demokratie f\u00fcr Unternehmen<\/a><\/li><li><a href=\"http:\/\/konsumpf.de\/?p=14882\" title=\"B\u00fcrgerbegehren? Interessieren uns nicht!\">B\u00fcrgerbegehren? Interessieren uns nicht!<\/a><\/li><li><a href=\"http:\/\/konsumpf.de\/?p=14666\" title=\"Lesetipps: \u00dcberwachungsstaat USA | Freiheit | Anarchismus | Arbeit | Faire Klamotten | Unn\u00fctze Geschenke\">Lesetipps: \u00dcberwachungsstaat USA | Freiheit | Anarchismus | Arbeit | Faire Klamotten | Unn\u00fctze Geschenke<\/a><\/li><\/ul>","protected":false},"excerpt":{"rendered":"<p>Gerade einmal eine gute Woche ist vergangen, als ich hier im Blog \u00fcber die Guttenberg-Plagiatsaff\u00e4re berichtete, und eigentlich ist es ja nicht meine Art, Themen so kurz hintereinander erneut aufzugreifen, noch dazu wo es auch ums tagespolitische Gesch\u00e4ft geht. Aber an Hand des aktuellen Beispiels des Copy-Paste-Freiherrn kann man so musterg\u00fcltig das Wirken unserer Demokratie, [&hellip;]<\/p>\n","protected":false},"author":1,"featured_media":0,"comment_status":"open","ping_status":"open","sticky":false,"template":"","format":"standard","meta":{"footnotes":""},"categories":[311,259,12,33,53],"tags":[2043,2042,2883,2041,885,2044,2045,1714,2040,2021],"yoast_head":"<!-- This site is optimized with the Yoast SEO plugin v24.4 - https:\/\/yoast.com\/wordpress\/plugins\/seo\/ -->\n<title>Lesetipps: Guttenberg-Sonder-Edition - Konsumpf - Forum f\u00fcr kreative Konsumkritik - Culture Jamming, Nachhaltigkeit, Konzernkritik, Adbusting<\/title>\n<meta name=\"robots\" content=\"index, follow, max-snippet:-1, max-image-preview:large, max-video-preview:-1\" \/>\n<link rel=\"canonical\" href=\"https:\/\/konsumpf.de\/?p=10957\" \/>\n<meta property=\"og:locale\" content=\"de_DE\" \/>\n<meta property=\"og:type\" content=\"article\" \/>\n<meta property=\"og:title\" content=\"Lesetipps: Guttenberg-Sonder-Edition - Konsumpf - Forum f\u00fcr kreative Konsumkritik - Culture Jamming, Nachhaltigkeit, Konzernkritik, Adbusting\" \/>\n<meta property=\"og:description\" content=\"Gerade einmal eine gute Woche ist vergangen, als ich hier im Blog \u00fcber die Guttenberg-Plagiatsaff\u00e4re berichtete, und eigentlich ist es ja nicht meine Art, Themen so kurz hintereinander erneut aufzugreifen, noch dazu wo es auch ums tagespolitische Gesch\u00e4ft geht. Aber an Hand des aktuellen Beispiels des Copy-Paste-Freiherrn kann man so musterg\u00fcltig das Wirken unserer Demokratie, [&hellip;]\" \/>\n<meta property=\"og:url\" content=\"https:\/\/konsumpf.de\/?p=10957\" \/>\n<meta property=\"og:site_name\" content=\"Konsumpf - Forum f\u00fcr kreative Konsumkritik - Culture Jamming, Nachhaltigkeit, Konzernkritik, Adbusting\" \/>\n<meta property=\"article:published_time\" content=\"2011-02-28T08:49:29+00:00\" \/>\n<meta property=\"article:modified_time\" content=\"2011-03-01T21:18:19+00:00\" \/>\n<meta property=\"og:image\" content=\"http:\/\/konsumpf.de\/wp-content\/uploads\/2011\/02\/guttenberg.jpg\" \/>\n<meta name=\"author\" content=\"Peter M.\" \/>\n<meta name=\"twitter:card\" content=\"summary_large_image\" \/>\n<meta name=\"twitter:label1\" content=\"Verfasst von\" \/>\n\t<meta name=\"twitter:data1\" content=\"Peter M.\" \/>\n\t<meta name=\"twitter:label2\" content=\"Gesch\u00e4tzte Lesezeit\" \/>\n\t<meta name=\"twitter:data2\" content=\"5\u00a0Minuten\" \/>\n<script type=\"application\/ld+json\" class=\"yoast-schema-graph\">{\"@context\":\"https:\/\/schema.org\",\"@graph\":[{\"@type\":\"WebPage\",\"@id\":\"https:\/\/konsumpf.de\/?p=10957\",\"url\":\"https:\/\/konsumpf.de\/?p=10957\",\"name\":\"Lesetipps: Guttenberg-Sonder-Edition - Konsumpf - Forum f\u00fcr kreative Konsumkritik - Culture Jamming, Nachhaltigkeit, Konzernkritik, Adbusting\",\"isPartOf\":{\"@id\":\"https:\/\/konsumpf.de\/#website\"},\"primaryImageOfPage\":{\"@id\":\"https:\/\/konsumpf.de\/?p=10957#primaryimage\"},\"image\":{\"@id\":\"https:\/\/konsumpf.de\/?p=10957#primaryimage\"},\"thumbnailUrl\":\"http:\/\/konsumpf.de\/wp-content\/uploads\/2011\/02\/guttenberg.jpg\",\"datePublished\":\"2011-02-28T08:49:29+00:00\",\"dateModified\":\"2011-03-01T21:18:19+00:00\",\"author\":{\"@id\":\"https:\/\/konsumpf.de\/#\/schema\/person\/e595a6d286b26994e7e0926d70699070\"},\"breadcrumb\":{\"@id\":\"https:\/\/konsumpf.de\/?p=10957#breadcrumb\"},\"inLanguage\":\"de\",\"potentialAction\":[{\"@type\":\"ReadAction\",\"target\":[\"https:\/\/konsumpf.de\/?p=10957\"]}]},{\"@type\":\"ImageObject\",\"inLanguage\":\"de\",\"@id\":\"https:\/\/konsumpf.de\/?p=10957#primaryimage\",\"url\":\"https:\/\/konsumpf.de\/wp-content\/uploads\/2011\/02\/guttenberg.jpg\",\"contentUrl\":\"https:\/\/konsumpf.de\/wp-content\/uploads\/2011\/02\/guttenberg.jpg\",\"width\":\"220\",\"height\":\"174\",\"caption\":\"Foto: Wikipedia\"},{\"@type\":\"BreadcrumbList\",\"@id\":\"https:\/\/konsumpf.de\/?p=10957#breadcrumb\",\"itemListElement\":[{\"@type\":\"ListItem\",\"position\":1,\"name\":\"Startseite\",\"item\":\"https:\/\/konsumpf.de\/\"},{\"@type\":\"ListItem\",\"position\":2,\"name\":\"Lesetipps: Guttenberg-Sonder-Edition\"}]},{\"@type\":\"WebSite\",\"@id\":\"https:\/\/konsumpf.de\/#website\",\"url\":\"https:\/\/konsumpf.de\/\",\"name\":\"Konsumpf - Forum f\u00fcr kreative Konsumkritik - Culture Jamming, Nachhaltigkeit, Konzernkritik, Adbusting\",\"description\":\"\",\"potentialAction\":[{\"@type\":\"SearchAction\",\"target\":{\"@type\":\"EntryPoint\",\"urlTemplate\":\"https:\/\/konsumpf.de\/?s={search_term_string}\"},\"query-input\":{\"@type\":\"PropertyValueSpecification\",\"valueRequired\":true,\"valueName\":\"search_term_string\"}}],\"inLanguage\":\"de\"},{\"@type\":\"Person\",\"@id\":\"https:\/\/konsumpf.de\/#\/schema\/person\/e595a6d286b26994e7e0926d70699070\",\"name\":\"Peter M.\",\"sameAs\":[\"http:\/\/konsumpf.de\"]}]}<\/script>\n<!-- \/ Yoast SEO plugin. -->","yoast_head_json":{"title":"Lesetipps: Guttenberg-Sonder-Edition - Konsumpf - Forum f\u00fcr kreative Konsumkritik - Culture Jamming, Nachhaltigkeit, Konzernkritik, Adbusting","robots":{"index":"index","follow":"follow","max-snippet":"max-snippet:-1","max-image-preview":"max-image-preview:large","max-video-preview":"max-video-preview:-1"},"canonical":"https:\/\/konsumpf.de\/?p=10957","og_locale":"de_DE","og_type":"article","og_title":"Lesetipps: Guttenberg-Sonder-Edition - Konsumpf - Forum f\u00fcr kreative Konsumkritik - Culture Jamming, Nachhaltigkeit, Konzernkritik, Adbusting","og_description":"Gerade einmal eine gute Woche ist vergangen, als ich hier im Blog \u00fcber die Guttenberg-Plagiatsaff\u00e4re berichtete, und eigentlich ist es ja nicht meine Art, Themen so kurz hintereinander erneut aufzugreifen, noch dazu wo es auch ums tagespolitische Gesch\u00e4ft geht. Aber an Hand des aktuellen Beispiels des Copy-Paste-Freiherrn kann man so musterg\u00fcltig das Wirken unserer Demokratie, [&hellip;]","og_url":"https:\/\/konsumpf.de\/?p=10957","og_site_name":"Konsumpf - Forum f\u00fcr kreative Konsumkritik - Culture Jamming, Nachhaltigkeit, Konzernkritik, Adbusting","article_published_time":"2011-02-28T08:49:29+00:00","article_modified_time":"2011-03-01T21:18:19+00:00","og_image":[{"url":"http:\/\/konsumpf.de\/wp-content\/uploads\/2011\/02\/guttenberg.jpg","type":"","width":"","height":""}],"author":"Peter M.","twitter_card":"summary_large_image","twitter_misc":{"Verfasst von":"Peter M.","Gesch\u00e4tzte Lesezeit":"5\u00a0Minuten"},"schema":{"@context":"https:\/\/schema.org","@graph":[{"@type":"WebPage","@id":"https:\/\/konsumpf.de\/?p=10957","url":"https:\/\/konsumpf.de\/?p=10957","name":"Lesetipps: Guttenberg-Sonder-Edition - Konsumpf - Forum f\u00fcr kreative Konsumkritik - Culture Jamming, Nachhaltigkeit, Konzernkritik, Adbusting","isPartOf":{"@id":"https:\/\/konsumpf.de\/#website"},"primaryImageOfPage":{"@id":"https:\/\/konsumpf.de\/?p=10957#primaryimage"},"image":{"@id":"https:\/\/konsumpf.de\/?p=10957#primaryimage"},"thumbnailUrl":"http:\/\/konsumpf.de\/wp-content\/uploads\/2011\/02\/guttenberg.jpg","datePublished":"2011-02-28T08:49:29+00:00","dateModified":"2011-03-01T21:18:19+00:00","author":{"@id":"https:\/\/konsumpf.de\/#\/schema\/person\/e595a6d286b26994e7e0926d70699070"},"breadcrumb":{"@id":"https:\/\/konsumpf.de\/?p=10957#breadcrumb"},"inLanguage":"de","potentialAction":[{"@type":"ReadAction","target":["https:\/\/konsumpf.de\/?p=10957"]}]},{"@type":"ImageObject","inLanguage":"de","@id":"https:\/\/konsumpf.de\/?p=10957#primaryimage","url":"https:\/\/konsumpf.de\/wp-content\/uploads\/2011\/02\/guttenberg.jpg","contentUrl":"https:\/\/konsumpf.de\/wp-content\/uploads\/2011\/02\/guttenberg.jpg","width":"220","height":"174","caption":"Foto: Wikipedia"},{"@type":"BreadcrumbList","@id":"https:\/\/konsumpf.de\/?p=10957#breadcrumb","itemListElement":[{"@type":"ListItem","position":1,"name":"Startseite","item":"https:\/\/konsumpf.de\/"},{"@type":"ListItem","position":2,"name":"Lesetipps: Guttenberg-Sonder-Edition"}]},{"@type":"WebSite","@id":"https:\/\/konsumpf.de\/#website","url":"https:\/\/konsumpf.de\/","name":"Konsumpf - Forum f\u00fcr kreative Konsumkritik - Culture Jamming, Nachhaltigkeit, Konzernkritik, Adbusting","description":"","potentialAction":[{"@type":"SearchAction","target":{"@type":"EntryPoint","urlTemplate":"https:\/\/konsumpf.de\/?s={search_term_string}"},"query-input":{"@type":"PropertyValueSpecification","valueRequired":true,"valueName":"search_term_string"}}],"inLanguage":"de"},{"@type":"Person","@id":"https:\/\/konsumpf.de\/#\/schema\/person\/e595a6d286b26994e7e0926d70699070","name":"Peter M.","sameAs":["http:\/\/konsumpf.de"]}]}},"_links":{"self":[{"href":"https:\/\/konsumpf.de\/index.php?rest_route=\/wp\/v2\/posts\/10957"}],"collection":[{"href":"https:\/\/konsumpf.de\/index.php?rest_route=\/wp\/v2\/posts"}],"about":[{"href":"https:\/\/konsumpf.de\/index.php?rest_route=\/wp\/v2\/types\/post"}],"author":[{"embeddable":true,"href":"https:\/\/konsumpf.de\/index.php?rest_route=\/wp\/v2\/users\/1"}],"replies":[{"embeddable":true,"href":"https:\/\/konsumpf.de\/index.php?rest_route=%2Fwp%2Fv2%2Fcomments&post=10957"}],"version-history":[{"count":24,"href":"https:\/\/konsumpf.de\/index.php?rest_route=\/wp\/v2\/posts\/10957\/revisions"}],"predecessor-version":[{"id":11038,"href":"https:\/\/konsumpf.de\/index.php?rest_route=\/wp\/v2\/posts\/10957\/revisions\/11038"}],"wp:attachment":[{"href":"https:\/\/konsumpf.de\/index.php?rest_route=%2Fwp%2Fv2%2Fmedia&parent=10957"}],"wp:term":[{"taxonomy":"category","embeddable":true,"href":"https:\/\/konsumpf.de\/index.php?rest_route=%2Fwp%2Fv2%2Fcategories&post=10957"},{"taxonomy":"post_tag","embeddable":true,"href":"https:\/\/konsumpf.de\/index.php?rest_route=%2Fwp%2Fv2%2Ftags&post=10957"}],"curies":[{"name":"wp","href":"https:\/\/api.w.org\/{rel}","templated":true}]}}