{"id":10796,"date":"2011-02-16T09:44:58","date_gmt":"2011-02-16T08:44:58","guid":{"rendered":"http:\/\/konsumpf.de\/?p=10796"},"modified":"2013-01-06T20:32:25","modified_gmt":"2013-01-06T19:32:25","slug":"kaufen-fur-die-mullhalde","status":"publish","type":"post","link":"https:\/\/konsumpf.de\/?p=10796","title":{"rendered":"Kaufen f\u00fcr die M\u00fcllhalde"},"content":{"rendered":"<p>Unsere Wegwerfgesellschaft prangere ich hier im Blog ja des \u00f6fteren an \u2013 eine Konsumorientierung, bei der man sich nach schnell wechselnden Moden und Trends richten muss, will man nicht total \u201eout\u201c sein. <strong>Arte<\/strong> (offensichtlich Deutschlands bester Sender) hat sich dem Thema \u201e<strong>Die Wegwerfer<\/strong>\u201c gestern angenommen und u.a. die Dokumentation \u201e<a href=\"http:\/\/www.arte.tv\/de\/Die-Welt-verstehen\/Die-Wegwerfer\/3714422.html\"><strong>Kaufen f\u00fcr die M\u00fcllhalde<\/strong><\/a>\u201c gesendet, die man sich derzeit f\u00fcr einige Tage auf der Arte-Website online anschauen kann. <a href=\"http:\/\/videos.arte.tv\/de\/videos\/kaufen_fuer_die_muellhalde-3700234.html\">HIER findet man den Beitrag dann online<\/a>. Sicherlich taucht die Sendung \u00fcber kurz oder lang auch bei YouTube auf, so dass wir noch etwas l\u00e4nger davon haben!<\/p>\n<p><strong>Wiederholung am Freitag 18. Februar  um 10.30 Uhr und Donnerstag 24. Februar  um 03.25 Uhr<\/strong><\/p>\n<blockquote><p>Heute gekauft und morgen schon Schrott? Die Haltbarkeit technischer  Produkte ist oft kurz. Teilweise ist dies von den Herstellern gewollt,  doch auch die Haltung vieler Verbraucher hat sich ver\u00e4ndert. ARTE schaut  auf die Wegwerfgesellschaft.<\/p>\n<p>(&#8230;) Heute wollen sich viele Verbraucher nicht mehr mit diesem System  abfinden. Als Beispiel f\u00fcr dessen verheerende Umweltfolgen zeigt die  Dokumentation die riesigen Elektroschrottdeponien im Umkreis der  ghanaischen Hauptstadt Accra. Neben diesem schonungslosen Blick auf die  Wegwerfgesellschaft stellt Filmemacherin Cosima Dannoritzer auch die  L\u00f6sungsans\u00e4tze von Unternehmern vor, die alternative Produktionsweisen  entwickeln. Und Intellektuelle mahnen an, die Technik m\u00f6ge sich auf ihre  urspr\u00fcngliche Aufgabe zur\u00fcckbesinnen, auf die dauerhafte Erleichterung  des Alltags ohne gleichzeitige Verw\u00fcstung des Planeten.<\/p><\/blockquote>\n<p style=\"text-align: center;\"><a href=\"http:\/\/videos.arte.tv\/de\/videos\"><img loading=\"lazy\" decoding=\"async\" class=\"aligncenter size-medium wp-image-10797\" title=\"Bildschirmfoto 2011-02-15 um 22.48.36\" src=\"http:\/\/konsumpf.de\/wp-content\/uploads\/2011\/02\/Bildschirmfoto-2011-02-15-um-22.48.36-300x182.png\" alt=\"\" width=\"300\" height=\"182\" srcset=\"https:\/\/konsumpf.de\/wp-content\/uploads\/2011\/02\/Bildschirmfoto-2011-02-15-um-22.48.36-300x182.png 300w, https:\/\/konsumpf.de\/wp-content\/uploads\/2011\/02\/Bildschirmfoto-2011-02-15-um-22.48.36-250x152.png 250w, https:\/\/konsumpf.de\/wp-content\/uploads\/2011\/02\/Bildschirmfoto-2011-02-15-um-22.48.36.png 648w\" sizes=\"(max-width: 300px) 100vw, 300px\" \/><\/a><\/p>\n<p style=\"text-align: left;\">Edit: und <a href=\"http:\/\/www.facebook.com\/pages\/Kaufen-fur-die-Mullhalde\/141912235870188\"><strong>HIER noch die Facebook-Seite des Projekts<\/strong><\/a> f\u00fcr weitere Infos.<\/p>\n<p>Edit 2: Auf YouTube ist die Doku auch aufgetaucht:<br \/>\n<div class=\"lyte-wrapper\" style=\"width:560px;max-width:100%;margin:5px;\"><div class=\"lyMe\" id=\"WYL_zVFZ4Ocz4VA\"><div id=\"lyte_zVFZ4Ocz4VA\" data-src=\"\/\/i.ytimg.com\/vi\/zVFZ4Ocz4VA\/hqdefault.jpg\" class=\"pL\"><div class=\"tC\"><div class=\"tT\"><\/div><\/div><div class=\"play\"><\/div><div class=\"ctrl\"><div class=\"Lctrl\"><\/div><div class=\"Rctrl\"><\/div><\/div><\/div><noscript><a href=\"https:\/\/youtu.be\/zVFZ4Ocz4VA\" rel=\"nofollow\"><img loading=\"lazy\" decoding=\"async\" src=\"https:\/\/i.ytimg.com\/vi\/zVFZ4Ocz4VA\/0.jpg\" alt=\"YouTube-Video-Thumbnail\" width=\"560\" height=\"295\" \/><br \/>Dieses Video auf YouTube ansehen<\/a><\/noscript><\/div><\/div><div class=\"lL\" style=\"max-width:100%;width:560px;margin:5px;\"><\/div><\/p>\n<h3 class='related_post_title'>Verwandte Beitr\u00e4ge:<\/h3><ul class='related_post'><li><a href=\"http:\/\/konsumpf.de\/?p=15254\" title=\"Die Konsumtricks der Industrie\">Die Konsumtricks der Industrie<\/a><\/li><li><a href=\"http:\/\/konsumpf.de\/?p=13008\" title=\"Widerstand gegen den Wegwerfwahn\">Widerstand gegen den Wegwerfwahn<\/a><\/li><li><a href=\"http:\/\/konsumpf.de\/?p=12424\" title=\"Manifest der eigenst\u00e4ndigen Reparatur\">Manifest der eigenst\u00e4ndigen Reparatur<\/a><\/li><li><a href=\"http:\/\/konsumpf.de\/?p=14985\" title=\"Werbung: einige volkswirtschaftliche und soziale Auswirkungen, Teil 1\/2\">Werbung: einige volkswirtschaftliche und soziale Auswirkungen, Teil 1\/2<\/a><\/li><li><a href=\"http:\/\/konsumpf.de\/?p=13874\" title=\"Lesetipps: Angst macht b\u00f6se | Verlierer der deutschen Krise | Geplante Obsoleszenz | Der Barbar als Kulturheld\">Lesetipps: Angst macht b\u00f6se | Verlierer der deutschen Krise | Geplante Obsoleszenz | Der Barbar als Kulturheld<\/a><\/li><\/ul>","protected":false},"excerpt":{"rendered":"<p>Unsere Wegwerfgesellschaft prangere ich hier im Blog ja des \u00f6fteren an \u2013 eine Konsumorientierung, bei der man sich nach schnell wechselnden Moden und Trends richten muss, will man nicht total \u201eout\u201c sein. Arte (offensichtlich Deutschlands bester Sender) hat sich dem Thema \u201eDie Wegwerfer\u201c gestern angenommen und u.a. die Dokumentation \u201eKaufen f\u00fcr die M\u00fcllhalde\u201c gesendet, die [&hellip;]<\/p>\n","protected":false},"author":1,"featured_media":0,"comment_status":"open","ping_status":"open","sticky":false,"template":"","format":"standard","meta":{"footnotes":""},"categories":[12,4,54,78],"tags":[2014,2854,752,1772,751],"yoast_head":"<!-- This site is optimized with the Yoast SEO plugin v24.4 - https:\/\/yoast.com\/wordpress\/plugins\/seo\/ -->\n<title>Kaufen f\u00fcr die M\u00fcllhalde - Konsumpf - Forum f\u00fcr kreative Konsumkritik - Culture Jamming, Nachhaltigkeit, Konzernkritik, Adbusting<\/title>\n<meta name=\"robots\" content=\"index, follow, max-snippet:-1, max-image-preview:large, max-video-preview:-1\" \/>\n<link rel=\"canonical\" href=\"https:\/\/konsumpf.de\/?p=10796\" \/>\n<meta property=\"og:locale\" content=\"de_DE\" \/>\n<meta property=\"og:type\" content=\"article\" \/>\n<meta property=\"og:title\" content=\"Kaufen f\u00fcr die M\u00fcllhalde - Konsumpf - Forum f\u00fcr kreative Konsumkritik - Culture Jamming, Nachhaltigkeit, Konzernkritik, Adbusting\" \/>\n<meta property=\"og:description\" content=\"Unsere Wegwerfgesellschaft prangere ich hier im Blog ja des \u00f6fteren an \u2013 eine Konsumorientierung, bei der man sich nach schnell wechselnden Moden und Trends richten muss, will man nicht total \u201eout\u201c sein. Arte (offensichtlich Deutschlands bester Sender) hat sich dem Thema \u201eDie Wegwerfer\u201c gestern angenommen und u.a. die Dokumentation \u201eKaufen f\u00fcr die M\u00fcllhalde\u201c gesendet, die [&hellip;]\" \/>\n<meta property=\"og:url\" content=\"https:\/\/konsumpf.de\/?p=10796\" \/>\n<meta property=\"og:site_name\" content=\"Konsumpf - Forum f\u00fcr kreative Konsumkritik - Culture Jamming, Nachhaltigkeit, Konzernkritik, Adbusting\" \/>\n<meta property=\"article:published_time\" content=\"2011-02-16T08:44:58+00:00\" \/>\n<meta property=\"article:modified_time\" content=\"2013-01-06T19:32:25+00:00\" \/>\n<meta property=\"og:image\" content=\"http:\/\/konsumpf.de\/wp-content\/uploads\/2011\/02\/Bildschirmfoto-2011-02-15-um-22.48.36-300x182.png\" \/>\n<meta name=\"author\" content=\"Peter M.\" \/>\n<meta name=\"twitter:card\" content=\"summary_large_image\" \/>\n<meta name=\"twitter:label1\" content=\"Verfasst von\" \/>\n\t<meta name=\"twitter:data1\" content=\"Peter M.\" \/>\n\t<meta name=\"twitter:label2\" content=\"Gesch\u00e4tzte Lesezeit\" \/>\n\t<meta name=\"twitter:data2\" content=\"1\u00a0Minute\" \/>\n<script type=\"application\/ld+json\" class=\"yoast-schema-graph\">{\"@context\":\"https:\/\/schema.org\",\"@graph\":[{\"@type\":\"WebPage\",\"@id\":\"https:\/\/konsumpf.de\/?p=10796\",\"url\":\"https:\/\/konsumpf.de\/?p=10796\",\"name\":\"Kaufen f\u00fcr die M\u00fcllhalde - Konsumpf - Forum f\u00fcr kreative Konsumkritik - Culture Jamming, Nachhaltigkeit, Konzernkritik, Adbusting\",\"isPartOf\":{\"@id\":\"https:\/\/konsumpf.de\/#website\"},\"primaryImageOfPage\":{\"@id\":\"https:\/\/konsumpf.de\/?p=10796#primaryimage\"},\"image\":{\"@id\":\"https:\/\/konsumpf.de\/?p=10796#primaryimage\"},\"thumbnailUrl\":\"http:\/\/konsumpf.de\/wp-content\/uploads\/2011\/02\/Bildschirmfoto-2011-02-15-um-22.48.36-300x182.png\",\"datePublished\":\"2011-02-16T08:44:58+00:00\",\"dateModified\":\"2013-01-06T19:32:25+00:00\",\"author\":{\"@id\":\"https:\/\/konsumpf.de\/#\/schema\/person\/e595a6d286b26994e7e0926d70699070\"},\"breadcrumb\":{\"@id\":\"https:\/\/konsumpf.de\/?p=10796#breadcrumb\"},\"inLanguage\":\"de\",\"potentialAction\":[{\"@type\":\"ReadAction\",\"target\":[\"https:\/\/konsumpf.de\/?p=10796\"]}]},{\"@type\":\"ImageObject\",\"inLanguage\":\"de\",\"@id\":\"https:\/\/konsumpf.de\/?p=10796#primaryimage\",\"url\":\"https:\/\/konsumpf.de\/wp-content\/uploads\/2011\/02\/Bildschirmfoto-2011-02-15-um-22.48.36.png\",\"contentUrl\":\"https:\/\/konsumpf.de\/wp-content\/uploads\/2011\/02\/Bildschirmfoto-2011-02-15-um-22.48.36.png\",\"width\":\"648\",\"height\":\"394\"},{\"@type\":\"BreadcrumbList\",\"@id\":\"https:\/\/konsumpf.de\/?p=10796#breadcrumb\",\"itemListElement\":[{\"@type\":\"ListItem\",\"position\":1,\"name\":\"Startseite\",\"item\":\"https:\/\/konsumpf.de\/\"},{\"@type\":\"ListItem\",\"position\":2,\"name\":\"Kaufen f\u00fcr die M\u00fcllhalde\"}]},{\"@type\":\"WebSite\",\"@id\":\"https:\/\/konsumpf.de\/#website\",\"url\":\"https:\/\/konsumpf.de\/\",\"name\":\"Konsumpf - Forum f\u00fcr kreative Konsumkritik - Culture Jamming, Nachhaltigkeit, Konzernkritik, Adbusting\",\"description\":\"\",\"potentialAction\":[{\"@type\":\"SearchAction\",\"target\":{\"@type\":\"EntryPoint\",\"urlTemplate\":\"https:\/\/konsumpf.de\/?s={search_term_string}\"},\"query-input\":{\"@type\":\"PropertyValueSpecification\",\"valueRequired\":true,\"valueName\":\"search_term_string\"}}],\"inLanguage\":\"de\"},{\"@type\":\"Person\",\"@id\":\"https:\/\/konsumpf.de\/#\/schema\/person\/e595a6d286b26994e7e0926d70699070\",\"name\":\"Peter M.\",\"sameAs\":[\"http:\/\/konsumpf.de\"]}]}<\/script>\n<!-- \/ Yoast SEO plugin. -->","yoast_head_json":{"title":"Kaufen f\u00fcr die M\u00fcllhalde - Konsumpf - Forum f\u00fcr kreative Konsumkritik - Culture Jamming, Nachhaltigkeit, Konzernkritik, Adbusting","robots":{"index":"index","follow":"follow","max-snippet":"max-snippet:-1","max-image-preview":"max-image-preview:large","max-video-preview":"max-video-preview:-1"},"canonical":"https:\/\/konsumpf.de\/?p=10796","og_locale":"de_DE","og_type":"article","og_title":"Kaufen f\u00fcr die M\u00fcllhalde - Konsumpf - Forum f\u00fcr kreative Konsumkritik - Culture Jamming, Nachhaltigkeit, Konzernkritik, Adbusting","og_description":"Unsere Wegwerfgesellschaft prangere ich hier im Blog ja des \u00f6fteren an \u2013 eine Konsumorientierung, bei der man sich nach schnell wechselnden Moden und Trends richten muss, will man nicht total \u201eout\u201c sein. Arte (offensichtlich Deutschlands bester Sender) hat sich dem Thema \u201eDie Wegwerfer\u201c gestern angenommen und u.a. die Dokumentation \u201eKaufen f\u00fcr die M\u00fcllhalde\u201c gesendet, die [&hellip;]","og_url":"https:\/\/konsumpf.de\/?p=10796","og_site_name":"Konsumpf - Forum f\u00fcr kreative Konsumkritik - Culture Jamming, Nachhaltigkeit, Konzernkritik, Adbusting","article_published_time":"2011-02-16T08:44:58+00:00","article_modified_time":"2013-01-06T19:32:25+00:00","og_image":[{"url":"http:\/\/konsumpf.de\/wp-content\/uploads\/2011\/02\/Bildschirmfoto-2011-02-15-um-22.48.36-300x182.png","type":"","width":"","height":""}],"author":"Peter M.","twitter_card":"summary_large_image","twitter_misc":{"Verfasst von":"Peter M.","Gesch\u00e4tzte Lesezeit":"1\u00a0Minute"},"schema":{"@context":"https:\/\/schema.org","@graph":[{"@type":"WebPage","@id":"https:\/\/konsumpf.de\/?p=10796","url":"https:\/\/konsumpf.de\/?p=10796","name":"Kaufen f\u00fcr die M\u00fcllhalde - Konsumpf - Forum f\u00fcr kreative Konsumkritik - Culture Jamming, Nachhaltigkeit, Konzernkritik, Adbusting","isPartOf":{"@id":"https:\/\/konsumpf.de\/#website"},"primaryImageOfPage":{"@id":"https:\/\/konsumpf.de\/?p=10796#primaryimage"},"image":{"@id":"https:\/\/konsumpf.de\/?p=10796#primaryimage"},"thumbnailUrl":"http:\/\/konsumpf.de\/wp-content\/uploads\/2011\/02\/Bildschirmfoto-2011-02-15-um-22.48.36-300x182.png","datePublished":"2011-02-16T08:44:58+00:00","dateModified":"2013-01-06T19:32:25+00:00","author":{"@id":"https:\/\/konsumpf.de\/#\/schema\/person\/e595a6d286b26994e7e0926d70699070"},"breadcrumb":{"@id":"https:\/\/konsumpf.de\/?p=10796#breadcrumb"},"inLanguage":"de","potentialAction":[{"@type":"ReadAction","target":["https:\/\/konsumpf.de\/?p=10796"]}]},{"@type":"ImageObject","inLanguage":"de","@id":"https:\/\/konsumpf.de\/?p=10796#primaryimage","url":"https:\/\/konsumpf.de\/wp-content\/uploads\/2011\/02\/Bildschirmfoto-2011-02-15-um-22.48.36.png","contentUrl":"https:\/\/konsumpf.de\/wp-content\/uploads\/2011\/02\/Bildschirmfoto-2011-02-15-um-22.48.36.png","width":"648","height":"394"},{"@type":"BreadcrumbList","@id":"https:\/\/konsumpf.de\/?p=10796#breadcrumb","itemListElement":[{"@type":"ListItem","position":1,"name":"Startseite","item":"https:\/\/konsumpf.de\/"},{"@type":"ListItem","position":2,"name":"Kaufen f\u00fcr die M\u00fcllhalde"}]},{"@type":"WebSite","@id":"https:\/\/konsumpf.de\/#website","url":"https:\/\/konsumpf.de\/","name":"Konsumpf - Forum f\u00fcr kreative Konsumkritik - Culture Jamming, Nachhaltigkeit, Konzernkritik, Adbusting","description":"","potentialAction":[{"@type":"SearchAction","target":{"@type":"EntryPoint","urlTemplate":"https:\/\/konsumpf.de\/?s={search_term_string}"},"query-input":{"@type":"PropertyValueSpecification","valueRequired":true,"valueName":"search_term_string"}}],"inLanguage":"de"},{"@type":"Person","@id":"https:\/\/konsumpf.de\/#\/schema\/person\/e595a6d286b26994e7e0926d70699070","name":"Peter M.","sameAs":["http:\/\/konsumpf.de"]}]}},"_links":{"self":[{"href":"https:\/\/konsumpf.de\/index.php?rest_route=\/wp\/v2\/posts\/10796"}],"collection":[{"href":"https:\/\/konsumpf.de\/index.php?rest_route=\/wp\/v2\/posts"}],"about":[{"href":"https:\/\/konsumpf.de\/index.php?rest_route=\/wp\/v2\/types\/post"}],"author":[{"embeddable":true,"href":"https:\/\/konsumpf.de\/index.php?rest_route=\/wp\/v2\/users\/1"}],"replies":[{"embeddable":true,"href":"https:\/\/konsumpf.de\/index.php?rest_route=%2Fwp%2Fv2%2Fcomments&post=10796"}],"version-history":[{"count":10,"href":"https:\/\/konsumpf.de\/index.php?rest_route=\/wp\/v2\/posts\/10796\/revisions"}],"predecessor-version":[{"id":10801,"href":"https:\/\/konsumpf.de\/index.php?rest_route=\/wp\/v2\/posts\/10796\/revisions\/10801"}],"wp:attachment":[{"href":"https:\/\/konsumpf.de\/index.php?rest_route=%2Fwp%2Fv2%2Fmedia&parent=10796"}],"wp:term":[{"taxonomy":"category","embeddable":true,"href":"https:\/\/konsumpf.de\/index.php?rest_route=%2Fwp%2Fv2%2Fcategories&post=10796"},{"taxonomy":"post_tag","embeddable":true,"href":"https:\/\/konsumpf.de\/index.php?rest_route=%2Fwp%2Fv2%2Ftags&post=10796"}],"curies":[{"name":"wp","href":"https:\/\/api.w.org\/{rel}","templated":true}]}}