{"id":1075,"date":"2008-12-23T17:36:25","date_gmt":"2008-12-23T16:36:25","guid":{"rendered":"http:\/\/konsumpf.de\/?p=1075"},"modified":"2008-12-23T17:08:41","modified_gmt":"2008-12-23T16:08:41","slug":"surftipp-ig-plakat-raum-gesellschaft","status":"publish","type":"post","link":"https:\/\/konsumpf.de\/?p=1075","title":{"rendered":"Surftipp: IG Plakat | Raum | Gesellschaft"},"content":{"rendered":"<p><a href=\"http:\/\/konsumpf.de\/wp-content\/uploads\/2008\/11\/plakate-machen-ploed.gif\"><img loading=\"lazy\" decoding=\"async\" class=\"alignright size-medium wp-image-1076\" title=\"plakate-machen-ploed\" src=\"http:\/\/konsumpf.de\/wp-content\/uploads\/2008\/11\/plakate-machen-ploed.gif\" alt=\"\" width=\"150\" height=\"150\" \/><\/a>Nicht nur dem Autoren des ZEIT-Artikels \u201e<a href=\"http:\/\/www.zeit.de\/2008\/47\/Vermuellung\">Du kannst uns nicht entkommen<\/a>\u201d, den ich <a href=\"http:\/\/konsumpf.de\/?p=1078\">hier<\/a> neulich vorstellte, geht die zunehende Zuplakatierung und das Ausbreiten von Reklame im \u00f6ffentlichen Raum zu weit \u2013 sehr genervt sind offenbar auch einige B\u00fcrger von Z\u00fcrich. Denn dort existiert seit einiger Zeit der Verein \u201e<a href=\"http:\/\/www.plakat-raum-gesellschaft.ch\/\">Plakat | Raum | Gesellschaft<\/a>\u201d, das sich daf\u00fcr einsetzt, die Stadt zumindest teilweise wieder von der Werbedomianz und den \u00fcberlebensgro\u00dfen Plakaten zu befreien (eine Verringerung der Werbefl\u00e4chen um die H\u00e4lfte wird angestrebt).<\/p>\n<blockquote><p>Der Gewinn?<br \/>\n\u2013 mehr Selbstbestimmung, welchen Werbebotschaften man sich aussetzt<br \/>\n\u2013 ein \u00f6ffentlicher Raum, der diesen Namen verdient<br \/>\n\u2013 ein sch\u00f6neres Orts- und Landschaftsbild<\/p>\n<p>Gewisse Plakate muss man Hunderte von Male betrachten und hat keine M\u00f6glichkeit, sein Nichtinteresse zum Ausdruck zu bringen. Dies steht in auffallendem Gegensatz zur M\u00f6glichkeit, in anderen Lebensbereichen per Knopfdruck oder Weiterbl\u00e4ttern ungefragter Werbung auszuweichen. Aussenwerbung widerspricht auch dem Kredo der International Advertising Association, welche sich dem Prinzip der \u00abWahlfreiheit f\u00fcr alle B\u00fcrger\u00bb verschrieben hat.<\/p>\n<p>Plakatwerbung f\u00fchrt zu einer visuellen Abwertung des Ortsbildes.<\/p>\n<p><img loading=\"lazy\" decoding=\"async\" class=\"alignleft size-full wp-image-1691\" title=\"vandalismus\" src=\"http:\/\/konsumpf.de\/wp-content\/uploads\/2008\/12\/vandalismus.gif\" alt=\"vandalismus\" width=\"150\" height=\"150\" \/>Die standardisierten Werbetr\u00e4ger sind nicht dazu gemacht, sich in die Umgebung zu integrieren. Vor dem Hintergrund einer nat\u00fcrlich gewachsenen Umgebung wirken rechteckige Plakate wie eine Faust aufs Auge. Dies ist auch der Grund, weshalb sich in prestigetr\u00e4chtigen Zonen wie der Z\u00fcrcher Bahnhofstrasse kein einziges Werbeplakat findet (mit Ausnahme einiger Telefonkabinen).<\/p><\/blockquote>\n<h3 class='related_post_title'>Verwandte Beitr\u00e4ge:<\/h3><ul class='related_post'><li><a href=\"http:\/\/konsumpf.de\/?p=11025\" title=\"\u201eIch will was anderes sehen!\u201c Sch\u00f6ne Anti-Reklame-Aktion in Finnland\">\u201eIch will was anderes sehen!\u201c Sch\u00f6ne Anti-Reklame-Aktion in Finnland<\/a><\/li><li><a href=\"http:\/\/konsumpf.de\/?p=5323\" title=\"Adbusting in Kiel\">Adbusting in Kiel<\/a><\/li><li><a href=\"http:\/\/konsumpf.de\/?p=15382\" title=\"Zigaretten-Adbusting vor 40 Jahren\">Zigaretten-Adbusting vor 40 Jahren<\/a><\/li><li><a href=\"http:\/\/konsumpf.de\/?p=15342\" title=\"Werbe-Piraten bei der Arbeit\">Werbe-Piraten bei der Arbeit<\/a><\/li><li><a href=\"http:\/\/konsumpf.de\/?p=15184\" title=\"Kulturelle St\u00f6rger\u00e4usche \">Kulturelle St\u00f6rger\u00e4usche <\/a><\/li><\/ul>","protected":false},"excerpt":{"rendered":"<p>Nicht nur dem Autoren des ZEIT-Artikels \u201eDu kannst uns nicht entkommen\u201d, den ich hier neulich vorstellte, geht die zunehende Zuplakatierung und das Ausbreiten von Reklame im \u00f6ffentlichen Raum zu weit \u2013 sehr genervt sind offenbar auch einige B\u00fcrger von Z\u00fcrich. Denn dort existiert seit einiger Zeit der Verein \u201ePlakat | Raum | Gesellschaft\u201d, das sich [&hellip;]<\/p>\n","protected":false},"author":1,"featured_media":0,"comment_status":"open","ping_status":"open","sticky":false,"template":"","format":"standard","meta":{"footnotes":""},"categories":[18,20],"tags":[2858,158,2859,2875,19],"yoast_head":"<!-- This site is optimized with the Yoast SEO plugin v24.4 - https:\/\/yoast.com\/wordpress\/plugins\/seo\/ -->\n<title>Surftipp: IG Plakat | Raum | Gesellschaft - Konsumpf - Forum f\u00fcr kreative Konsumkritik - Culture Jamming, Nachhaltigkeit, Konzernkritik, Adbusting<\/title>\n<meta name=\"robots\" content=\"index, follow, max-snippet:-1, max-image-preview:large, max-video-preview:-1\" \/>\n<link rel=\"canonical\" href=\"https:\/\/konsumpf.de\/?p=1075\" \/>\n<meta property=\"og:locale\" content=\"de_DE\" \/>\n<meta property=\"og:type\" content=\"article\" \/>\n<meta property=\"og:title\" content=\"Surftipp: IG Plakat | Raum | Gesellschaft - Konsumpf - Forum f\u00fcr kreative Konsumkritik - Culture Jamming, Nachhaltigkeit, Konzernkritik, Adbusting\" \/>\n<meta property=\"og:description\" content=\"Nicht nur dem Autoren des ZEIT-Artikels \u201eDu kannst uns nicht entkommen\u201d, den ich hier neulich vorstellte, geht die zunehende Zuplakatierung und das Ausbreiten von Reklame im \u00f6ffentlichen Raum zu weit \u2013 sehr genervt sind offenbar auch einige B\u00fcrger von Z\u00fcrich. Denn dort existiert seit einiger Zeit der Verein \u201ePlakat | Raum | Gesellschaft\u201d, das sich [&hellip;]\" \/>\n<meta property=\"og:url\" content=\"https:\/\/konsumpf.de\/?p=1075\" \/>\n<meta property=\"og:site_name\" content=\"Konsumpf - Forum f\u00fcr kreative Konsumkritik - Culture Jamming, Nachhaltigkeit, Konzernkritik, Adbusting\" \/>\n<meta property=\"article:published_time\" content=\"2008-12-23T16:36:25+00:00\" \/>\n<meta property=\"og:image\" content=\"http:\/\/konsumpf.de\/wp-content\/uploads\/2008\/11\/plakate-machen-ploed.gif\" \/>\n<meta name=\"author\" content=\"Peter M.\" \/>\n<meta name=\"twitter:card\" content=\"summary_large_image\" \/>\n<meta name=\"twitter:label1\" content=\"Verfasst von\" \/>\n\t<meta name=\"twitter:data1\" content=\"Peter M.\" \/>\n\t<meta name=\"twitter:label2\" content=\"Gesch\u00e4tzte Lesezeit\" \/>\n\t<meta name=\"twitter:data2\" content=\"1\u00a0Minute\" \/>\n<script type=\"application\/ld+json\" class=\"yoast-schema-graph\">{\"@context\":\"https:\/\/schema.org\",\"@graph\":[{\"@type\":\"WebPage\",\"@id\":\"https:\/\/konsumpf.de\/?p=1075\",\"url\":\"https:\/\/konsumpf.de\/?p=1075\",\"name\":\"Surftipp: IG Plakat | Raum | Gesellschaft - Konsumpf - Forum f\u00fcr kreative Konsumkritik - Culture Jamming, Nachhaltigkeit, Konzernkritik, Adbusting\",\"isPartOf\":{\"@id\":\"https:\/\/konsumpf.de\/#website\"},\"primaryImageOfPage\":{\"@id\":\"https:\/\/konsumpf.de\/?p=1075#primaryimage\"},\"image\":{\"@id\":\"https:\/\/konsumpf.de\/?p=1075#primaryimage\"},\"thumbnailUrl\":\"http:\/\/konsumpf.de\/wp-content\/uploads\/2008\/11\/plakate-machen-ploed.gif\",\"datePublished\":\"2008-12-23T16:36:25+00:00\",\"author\":{\"@id\":\"https:\/\/konsumpf.de\/#\/schema\/person\/e595a6d286b26994e7e0926d70699070\"},\"breadcrumb\":{\"@id\":\"https:\/\/konsumpf.de\/?p=1075#breadcrumb\"},\"inLanguage\":\"de\",\"potentialAction\":[{\"@type\":\"ReadAction\",\"target\":[\"https:\/\/konsumpf.de\/?p=1075\"]}]},{\"@type\":\"ImageObject\",\"inLanguage\":\"de\",\"@id\":\"https:\/\/konsumpf.de\/?p=1075#primaryimage\",\"url\":\"https:\/\/konsumpf.de\/wp-content\/uploads\/2008\/11\/plakate-machen-ploed.gif\",\"contentUrl\":\"https:\/\/konsumpf.de\/wp-content\/uploads\/2008\/11\/plakate-machen-ploed.gif\"},{\"@type\":\"BreadcrumbList\",\"@id\":\"https:\/\/konsumpf.de\/?p=1075#breadcrumb\",\"itemListElement\":[{\"@type\":\"ListItem\",\"position\":1,\"name\":\"Startseite\",\"item\":\"https:\/\/konsumpf.de\/\"},{\"@type\":\"ListItem\",\"position\":2,\"name\":\"Surftipp: IG Plakat | Raum | Gesellschaft\"}]},{\"@type\":\"WebSite\",\"@id\":\"https:\/\/konsumpf.de\/#website\",\"url\":\"https:\/\/konsumpf.de\/\",\"name\":\"Konsumpf - Forum f\u00fcr kreative Konsumkritik - Culture Jamming, Nachhaltigkeit, Konzernkritik, Adbusting\",\"description\":\"\",\"potentialAction\":[{\"@type\":\"SearchAction\",\"target\":{\"@type\":\"EntryPoint\",\"urlTemplate\":\"https:\/\/konsumpf.de\/?s={search_term_string}\"},\"query-input\":{\"@type\":\"PropertyValueSpecification\",\"valueRequired\":true,\"valueName\":\"search_term_string\"}}],\"inLanguage\":\"de\"},{\"@type\":\"Person\",\"@id\":\"https:\/\/konsumpf.de\/#\/schema\/person\/e595a6d286b26994e7e0926d70699070\",\"name\":\"Peter M.\",\"sameAs\":[\"http:\/\/konsumpf.de\"]}]}<\/script>\n<!-- \/ Yoast SEO plugin. -->","yoast_head_json":{"title":"Surftipp: IG Plakat | Raum | Gesellschaft - Konsumpf - Forum f\u00fcr kreative Konsumkritik - Culture Jamming, Nachhaltigkeit, Konzernkritik, Adbusting","robots":{"index":"index","follow":"follow","max-snippet":"max-snippet:-1","max-image-preview":"max-image-preview:large","max-video-preview":"max-video-preview:-1"},"canonical":"https:\/\/konsumpf.de\/?p=1075","og_locale":"de_DE","og_type":"article","og_title":"Surftipp: IG Plakat | Raum | Gesellschaft - Konsumpf - Forum f\u00fcr kreative Konsumkritik - Culture Jamming, Nachhaltigkeit, Konzernkritik, Adbusting","og_description":"Nicht nur dem Autoren des ZEIT-Artikels \u201eDu kannst uns nicht entkommen\u201d, den ich hier neulich vorstellte, geht die zunehende Zuplakatierung und das Ausbreiten von Reklame im \u00f6ffentlichen Raum zu weit \u2013 sehr genervt sind offenbar auch einige B\u00fcrger von Z\u00fcrich. Denn dort existiert seit einiger Zeit der Verein \u201ePlakat | Raum | Gesellschaft\u201d, das sich [&hellip;]","og_url":"https:\/\/konsumpf.de\/?p=1075","og_site_name":"Konsumpf - Forum f\u00fcr kreative Konsumkritik - Culture Jamming, Nachhaltigkeit, Konzernkritik, Adbusting","article_published_time":"2008-12-23T16:36:25+00:00","og_image":[{"url":"http:\/\/konsumpf.de\/wp-content\/uploads\/2008\/11\/plakate-machen-ploed.gif","type":"","width":"","height":""}],"author":"Peter M.","twitter_card":"summary_large_image","twitter_misc":{"Verfasst von":"Peter M.","Gesch\u00e4tzte Lesezeit":"1\u00a0Minute"},"schema":{"@context":"https:\/\/schema.org","@graph":[{"@type":"WebPage","@id":"https:\/\/konsumpf.de\/?p=1075","url":"https:\/\/konsumpf.de\/?p=1075","name":"Surftipp: IG Plakat | Raum | Gesellschaft - Konsumpf - Forum f\u00fcr kreative Konsumkritik - Culture Jamming, Nachhaltigkeit, Konzernkritik, Adbusting","isPartOf":{"@id":"https:\/\/konsumpf.de\/#website"},"primaryImageOfPage":{"@id":"https:\/\/konsumpf.de\/?p=1075#primaryimage"},"image":{"@id":"https:\/\/konsumpf.de\/?p=1075#primaryimage"},"thumbnailUrl":"http:\/\/konsumpf.de\/wp-content\/uploads\/2008\/11\/plakate-machen-ploed.gif","datePublished":"2008-12-23T16:36:25+00:00","author":{"@id":"https:\/\/konsumpf.de\/#\/schema\/person\/e595a6d286b26994e7e0926d70699070"},"breadcrumb":{"@id":"https:\/\/konsumpf.de\/?p=1075#breadcrumb"},"inLanguage":"de","potentialAction":[{"@type":"ReadAction","target":["https:\/\/konsumpf.de\/?p=1075"]}]},{"@type":"ImageObject","inLanguage":"de","@id":"https:\/\/konsumpf.de\/?p=1075#primaryimage","url":"https:\/\/konsumpf.de\/wp-content\/uploads\/2008\/11\/plakate-machen-ploed.gif","contentUrl":"https:\/\/konsumpf.de\/wp-content\/uploads\/2008\/11\/plakate-machen-ploed.gif"},{"@type":"BreadcrumbList","@id":"https:\/\/konsumpf.de\/?p=1075#breadcrumb","itemListElement":[{"@type":"ListItem","position":1,"name":"Startseite","item":"https:\/\/konsumpf.de\/"},{"@type":"ListItem","position":2,"name":"Surftipp: IG Plakat | Raum | Gesellschaft"}]},{"@type":"WebSite","@id":"https:\/\/konsumpf.de\/#website","url":"https:\/\/konsumpf.de\/","name":"Konsumpf - Forum f\u00fcr kreative Konsumkritik - Culture Jamming, Nachhaltigkeit, Konzernkritik, Adbusting","description":"","potentialAction":[{"@type":"SearchAction","target":{"@type":"EntryPoint","urlTemplate":"https:\/\/konsumpf.de\/?s={search_term_string}"},"query-input":{"@type":"PropertyValueSpecification","valueRequired":true,"valueName":"search_term_string"}}],"inLanguage":"de"},{"@type":"Person","@id":"https:\/\/konsumpf.de\/#\/schema\/person\/e595a6d286b26994e7e0926d70699070","name":"Peter M.","sameAs":["http:\/\/konsumpf.de"]}]}},"_links":{"self":[{"href":"https:\/\/konsumpf.de\/index.php?rest_route=\/wp\/v2\/posts\/1075"}],"collection":[{"href":"https:\/\/konsumpf.de\/index.php?rest_route=\/wp\/v2\/posts"}],"about":[{"href":"https:\/\/konsumpf.de\/index.php?rest_route=\/wp\/v2\/types\/post"}],"author":[{"embeddable":true,"href":"https:\/\/konsumpf.de\/index.php?rest_route=\/wp\/v2\/users\/1"}],"replies":[{"embeddable":true,"href":"https:\/\/konsumpf.de\/index.php?rest_route=%2Fwp%2Fv2%2Fcomments&post=1075"}],"version-history":[{"count":8,"href":"https:\/\/konsumpf.de\/index.php?rest_route=\/wp\/v2\/posts\/1075\/revisions"}],"predecessor-version":[{"id":1697,"href":"https:\/\/konsumpf.de\/index.php?rest_route=\/wp\/v2\/posts\/1075\/revisions\/1697"}],"wp:attachment":[{"href":"https:\/\/konsumpf.de\/index.php?rest_route=%2Fwp%2Fv2%2Fmedia&parent=1075"}],"wp:term":[{"taxonomy":"category","embeddable":true,"href":"https:\/\/konsumpf.de\/index.php?rest_route=%2Fwp%2Fv2%2Fcategories&post=1075"},{"taxonomy":"post_tag","embeddable":true,"href":"https:\/\/konsumpf.de\/index.php?rest_route=%2Fwp%2Fv2%2Ftags&post=1075"}],"curies":[{"name":"wp","href":"https:\/\/api.w.org\/{rel}","templated":true}]}}