{"id":10535,"date":"2011-01-12T09:33:45","date_gmt":"2011-01-12T08:33:45","guid":{"rendered":"http:\/\/konsumpf.de\/?p=10535"},"modified":"2011-01-12T12:31:26","modified_gmt":"2011-01-12T11:31:26","slug":"abgesang-auf-die-plastiktuten","status":"publish","type":"post","link":"https:\/\/konsumpf.de\/?p=10535","title":{"rendered":"Abgesang auf die Plastikt\u00fcte"},"content":{"rendered":"<p>Dass Plastik in der Masse, wie es unsere Wegwerfgesellschaft t\u00e4glich tonnenweise produziert, Mensch und Natur sch\u00e4digt, und vieles davon auch noch unsinnigerweise verwendet wird, hatte ich ja vor einer Weile schon berichtet (\u201e<a href=\"http:\/\/konsumpf.de\/?p=8940\">Kampf den Plastikt\u00fcten<\/a>\u201c). Auch der Film <strong>Plastic Planet<\/strong> zeigte in erschreckender Weise, wie weit Plastik mittlerweile in den (ehemals) nat\u00fcrlichen Kreislauf eingedrungen ist und Tiere t\u00f6tet und zu genetischen Ver\u00e4nderungen und Defekten (Unfruchtbarkeit) f\u00fchrt (siehe auch <a href=\"http:\/\/konsumpf.de\/?p=9359\">HIER<\/a>). Arte brachte vor einiger Zeit die Dokumentation \u201e<strong>Plastik \u00fcber alles<\/strong>\u201c, die sich ebenfalls sehr kritisch damit auseinandersetzt, was es f\u00fcr uns alle und zuk\u00fcnftige Generationen bedeutet, wenn wir so weiterm\u00fcllen wie bisher [via <a href=\"http:\/\/auftragselfe.blogspot.com\/2010\/12\/addicted-to-plastik.html\">Auftragselfe<\/a>]; hier Teil 1:<br \/>\n<!--more--><br \/>\n<object classid=\"clsid:d27cdb6e-ae6d-11cf-96b8-444553540000\" width=\"500\" height=\"300\" codebase=\"http:\/\/download.macromedia.com\/pub\/shockwave\/cabs\/flash\/swflash.cab#version=6,0,40,0\"><param name=\"allowFullScreen\" value=\"true\" \/><param name=\"allowscriptaccess\" value=\"always\" \/><param name=\"src\" value=\"http:\/\/www.youtube.com\/v\/wYPzHEZYrx0?fs=1&amp;hl=de_DE\" \/><param name=\"allowfullscreen\" value=\"true\" \/><embed type=\"application\/x-shockwave-flash\" width=\"500\" height=\"300\" src=\"http:\/\/www.youtube.com\/v\/wYPzHEZYrx0?fs=1&amp;hl=de_DE\" allowscriptaccess=\"always\" allowfullscreen=\"true\"><\/embed><\/object><\/p>\n<p>Nun gibt es aber tats\u00e4chlich doch Erfreuliches zu vermelden \u2013 Italien hat als n\u00e4chstes Land (nach z.B. Frankreich und Australien) Plastikt\u00fcten verboten! <strong>Der Moustachio<\/strong> zitiert aus dem Artikel \u201e<a href=\"http:\/\/dermoustachio.blogspot.com\/2010\/12\/plastiksackerl-verbot-nun-auch-in.html\"><strong>Plastiksackerl-Verbot nun auch in Italien<\/strong><\/a>\u201c des K\u00e4rtener ORF:<\/p>\n<blockquote><p>Wer n\u00e4chstes Jahr nach Italien f\u00e4hrt, um einzukaufen, bekommt kein  Plastiksackerl mehr. Ab 1. J\u00e4nner gilt ein Gesetz, das die Herstellung  und den Verkauf verbietet. Nur noch Umweltfreundliches ist erlaubt.<\/p>\n<p>&#8220;Basta buste&#8221; &#8211; aus mit dem Plastiksackerl &#8211; titeln derzeit die  italienischen Zeitungen. Ab 1. J\u00e4nner verbietet ein italienisches Gesetz  die Herstellung und den Gebrauch von &#8220;buste di plastica&#8221;. 200.000  Tonnen &#8211; etwa 20 Milliarden Sackerln &#8211; werden davon j\u00e4hrlich in Italien  produziert, besser gesagt: Sie wurden produziert.<br \/>\nDas Plastiksackerl-Verbot wurde bereits 2006 beschlossen und tritt jetzt  in Kraft. Anlass daf\u00fcr war unter anderem das M\u00fcllchaos in Neapel und  nat\u00fcrlich die Umweltbelastung.  Italien ohne kleine weisse Plastiks\u00e4cke  ist zwar vorerst f\u00fcr viele &#8211; auch f\u00fcr die Italiener selbst &#8211;  unvorstellbar, das Gesetz macht aber Sinn: Bis ein Plastiksack verrottet  ist, dauert es n\u00e4mlich bis zu 400 Jahre. (&#8230;)<\/p><\/blockquote>\n<p>Na bitte, geht doch! Die <strong>taz<\/strong> greift in \u201e<a href=\"http:\/\/www.taz.de\/1\/archiv\/digitaz\/artikel\/?ressort=wu&amp;dig=2011%2F01%2F06%2Fa0106&amp;cHash=7881fe19be\"><strong>Plastikt\u00fcten-Radikalkur<\/strong><\/a>\u201c die italienische Entscheidung noch einmal auf und beleuchtet auch die kritischen Elemente \u2013 denn die normalen Plastikt\u00fcten sollen durch T\u00fcten aus Maisst\u00e4rke ersetzt werden, die umwelttechnisch alles andere als unbedenklich sind:<\/p>\n<blockquote><p>(&#8230;) Mit  einem Jahresverbrauch von 20 Milliarden St\u00fcck seien die Italiener  bislang Spitzenreiter in Europa gewesen, bilanziert der Umweltverband  Legambiente. Pro Kopf macht das runde 330 T\u00fcten pro Jahr &#8211; T\u00fcten, die  einen Nutzungszyklus von &#8220;blo\u00df einigen Stunden&#8221; haben, wie die  Umweltsch\u00fctzer festhalten. In der Regel n\u00e4mlich kommen die bunten T\u00fcten  h\u00f6chstens noch ein zweites Mal zum Einsatz, wie sich bei jeder M\u00fcllkrise  in Neapel sch\u00f6n besichtigen l\u00e4sst: Die ganze Palette des italienischen  Plastikbeutelangebotes stapelt sich, gef\u00fcllt mit stinkenden Abf\u00e4llen, an  den Stra\u00dfenr\u00e4ndern.<\/p>\n<p>Dumm nur, dass dem extrem  kurzen Nutzungs- ein extrem langer Lebenszyklus gegen\u00fcbersteht. Je nach  Qualit\u00e4t dauert es hunderte von Jahren, bis das Plastik sich abgebaut  hat. Doch mit der milliardenfachen Einbringung des Plastikm\u00fclls in die  Umwelt ist es jetzt vorbei. Seit 1. Januar d\u00fcrfen s\u00e4mtliche H\u00e4ndler des  Landes nur noch Papiert\u00fcten rausgeben &#8211; oder biologisch abbaubare  Plastikt\u00fcten aus Maisst\u00e4rke, die sich schnell in Kompost verwandeln. (&#8230;)<\/p>\n<p>(&#8230;) Doch  bei n\u00e4herem Hinsehen ist die Neuregelung ein eher zweifelhafter Segen  f\u00fcr die Umwelt: Die \u00d6kobilanz der neuen Maisst\u00e4rke-T\u00fcten ist n\u00e4mlich  ihrerseits alles andere als positiv. F\u00fcr ihre Herstellung werden  Unmengen an D\u00fcngemitteln und Pestiziden freigesetzt, und der  Energieaufwand ist enorm. Die Maisst\u00e4rke-T\u00fcte ist ihrerseits ein zweifelhafter Segen f\u00fcr die Umwelt.<\/p><\/blockquote>\n<p>In Deutschland, dem vermeintlichen und selbsternannten Vorreiter in Sachen Umweltschutz, scheint es noch keine konkreten Pl\u00e4ne zu geben, \u00e4hnliche Schritte einzuleiten, so sinnvoll sie auch f\u00fcr alle w\u00e4ren. Von daher ist es auch nicht verkehrt, statt auf Verbote von oben auf die Vernunft des Einzelnen zu setzen (obwohl man angesichts dessen, wie ein Gro\u00dfteil der Menschen mit der (Um-)Welt umgeht, an selbiger durchaus manchmal zweifeln darf). Der <strong>Kaufkrampf<\/strong>-Blog schreibt in \u201e<a href=\"http:\/\/kaufkrampf.tumblr.com\/post\/2586103358\/ban-bags-made-of-plastic-wichtige-botschaft-fuer\"><strong>Ban Bags made of Plastic \u2013 Wichtige Botschaft f\u00fcr die ganze Welt<\/strong><\/a>\u201c \u00fcber die l\u00f6bliche amerikanische Initiative, die den Plastikt\u00fcten und dem ganzen Konsumwahn den Garaus machen will und zu diesem Zwecke das folgende (Musik-)Video gedreht hat. So erreicht man hoffentlich auch j\u00fcngere Leute, die sich sonst wenig Gedanken \u00fcber die ganze Angelegenheit machen:<br \/>\n<img loading=\"lazy\" decoding=\"async\" src=\"http:\/\/vg02.met.vgwort.de\/na\/09f81a8199e54f0a92c071b167f92354\" alt=\"\" width=\"1\" height=\"1\" \/><\/p>\n<p><object classid=\"clsid:d27cdb6e-ae6d-11cf-96b8-444553540000\" width=\"500\" height=\"300\" codebase=\"http:\/\/download.macromedia.com\/pub\/shockwave\/cabs\/flash\/swflash.cab#version=6,0,40,0\"><param name=\"allowFullScreen\" value=\"true\" \/><param name=\"allowscriptaccess\" value=\"always\" \/><param name=\"src\" value=\"http:\/\/www.youtube.com\/v\/koETnR0NgLY?fs=1&amp;hl=de_DE\" \/><param name=\"allowfullscreen\" value=\"true\" \/><embed type=\"application\/x-shockwave-flash\" width=\"500\" height=\"300\" src=\"http:\/\/www.youtube.com\/v\/koETnR0NgLY?fs=1&amp;hl=de_DE\" allowscriptaccess=\"always\" allowfullscreen=\"true\"><\/embed><\/object><\/p>\n<h3 class='related_post_title'>Verwandte Beitr\u00e4ge:<\/h3><ul class='related_post'><li><a href=\"http:\/\/konsumpf.de\/?p=12082\" title=\"Konsumismus, oder: das Zeitalter der Deppen\">Konsumismus, oder: das Zeitalter der Deppen<\/a><\/li><li><a href=\"http:\/\/konsumpf.de\/?p=9359\" title=\"Lesetipps: Bioplastik ist nicht \u201egr\u00fcn\u201c \/ Die Invasion der Nutzlos-Pillen \/ Banken erfinden Geld aus der Luft \/ \u201eMap\u201c\">Lesetipps: Bioplastik ist nicht \u201egr\u00fcn\u201c \/ Die Invasion der Nutzlos-Pillen \/ Banken erfinden Geld aus der Luft \/ \u201eMap\u201c<\/a><\/li><li><a href=\"http:\/\/konsumpf.de\/?p=8940\" title=\"Kampf den Plastikt\u00fcten\">Kampf den Plastikt\u00fcten<\/a><\/li><li><a href=\"http:\/\/konsumpf.de\/?p=15297\" title=\"Lecker Plastik\">Lecker Plastik<\/a><\/li><li><a href=\"http:\/\/konsumpf.de\/?p=15259\" title=\"Lesetipps: Freihandelsabkommen | Wirtschaftswachstum | Billiggesellschaft | Kampf gegen Verpackungen | Autofrei | Adbusting\">Lesetipps: Freihandelsabkommen | Wirtschaftswachstum | Billiggesellschaft | Kampf gegen Verpackungen | Autofrei | Adbusting<\/a><\/li><\/ul>","protected":false},"excerpt":{"rendered":"<p>Dass Plastik in der Masse, wie es unsere Wegwerfgesellschaft t\u00e4glich tonnenweise produziert, Mensch und Natur sch\u00e4digt, und vieles davon auch noch unsinnigerweise verwendet wird, hatte ich ja vor einer Weile schon berichtet (\u201eKampf den Plastikt\u00fcten\u201c). Auch der Film Plastic Planet zeigte in erschreckender Weise, wie weit Plastik mittlerweile in den (ehemals) nat\u00fcrlichen Kreislauf eingedrungen ist [&hellip;]<\/p>\n","protected":false},"author":1,"featured_media":0,"comment_status":"open","ping_status":"open","sticky":false,"template":"","format":"standard","meta":{"footnotes":""},"categories":[4,54,50],"tags":[803,1777,849,1687,1102,751],"yoast_head":"<!-- This site is optimized with the Yoast SEO plugin v24.4 - https:\/\/yoast.com\/wordpress\/plugins\/seo\/ -->\n<title>Abgesang auf die Plastikt\u00fcte - Konsumpf - Forum f\u00fcr kreative Konsumkritik - Culture Jamming, Nachhaltigkeit, Konzernkritik, Adbusting<\/title>\n<meta name=\"robots\" content=\"index, follow, max-snippet:-1, max-image-preview:large, max-video-preview:-1\" \/>\n<link rel=\"canonical\" href=\"https:\/\/konsumpf.de\/?p=10535\" \/>\n<meta property=\"og:locale\" content=\"de_DE\" \/>\n<meta property=\"og:type\" content=\"article\" \/>\n<meta property=\"og:title\" content=\"Abgesang auf die Plastikt\u00fcte - Konsumpf - Forum f\u00fcr kreative Konsumkritik - Culture Jamming, Nachhaltigkeit, Konzernkritik, Adbusting\" \/>\n<meta property=\"og:description\" content=\"Dass Plastik in der Masse, wie es unsere Wegwerfgesellschaft t\u00e4glich tonnenweise produziert, Mensch und Natur sch\u00e4digt, und vieles davon auch noch unsinnigerweise verwendet wird, hatte ich ja vor einer Weile schon berichtet (\u201eKampf den Plastikt\u00fcten\u201c). Auch der Film Plastic Planet zeigte in erschreckender Weise, wie weit Plastik mittlerweile in den (ehemals) nat\u00fcrlichen Kreislauf eingedrungen ist [&hellip;]\" \/>\n<meta property=\"og:url\" content=\"https:\/\/konsumpf.de\/?p=10535\" \/>\n<meta property=\"og:site_name\" content=\"Konsumpf - Forum f\u00fcr kreative Konsumkritik - Culture Jamming, Nachhaltigkeit, Konzernkritik, Adbusting\" \/>\n<meta property=\"article:published_time\" content=\"2011-01-12T08:33:45+00:00\" \/>\n<meta property=\"article:modified_time\" content=\"2011-01-12T11:31:26+00:00\" \/>\n<meta property=\"og:image\" content=\"http:\/\/vg02.met.vgwort.de\/na\/09f81a8199e54f0a92c071b167f92354\" \/>\n<meta name=\"author\" content=\"Peter M.\" \/>\n<meta name=\"twitter:card\" content=\"summary_large_image\" \/>\n<meta name=\"twitter:label1\" content=\"Verfasst von\" \/>\n\t<meta name=\"twitter:data1\" content=\"Peter M.\" \/>\n\t<meta name=\"twitter:label2\" content=\"Gesch\u00e4tzte Lesezeit\" \/>\n\t<meta name=\"twitter:data2\" content=\"4\u00a0Minuten\" \/>\n<script type=\"application\/ld+json\" class=\"yoast-schema-graph\">{\"@context\":\"https:\/\/schema.org\",\"@graph\":[{\"@type\":\"WebPage\",\"@id\":\"https:\/\/konsumpf.de\/?p=10535\",\"url\":\"https:\/\/konsumpf.de\/?p=10535\",\"name\":\"Abgesang auf die Plastikt\u00fcte - Konsumpf - Forum f\u00fcr kreative Konsumkritik - Culture Jamming, Nachhaltigkeit, Konzernkritik, Adbusting\",\"isPartOf\":{\"@id\":\"https:\/\/konsumpf.de\/#website\"},\"primaryImageOfPage\":{\"@id\":\"https:\/\/konsumpf.de\/?p=10535#primaryimage\"},\"image\":{\"@id\":\"https:\/\/konsumpf.de\/?p=10535#primaryimage\"},\"thumbnailUrl\":\"http:\/\/vg02.met.vgwort.de\/na\/09f81a8199e54f0a92c071b167f92354\",\"datePublished\":\"2011-01-12T08:33:45+00:00\",\"dateModified\":\"2011-01-12T11:31:26+00:00\",\"author\":{\"@id\":\"https:\/\/konsumpf.de\/#\/schema\/person\/e595a6d286b26994e7e0926d70699070\"},\"breadcrumb\":{\"@id\":\"https:\/\/konsumpf.de\/?p=10535#breadcrumb\"},\"inLanguage\":\"de\",\"potentialAction\":[{\"@type\":\"ReadAction\",\"target\":[\"https:\/\/konsumpf.de\/?p=10535\"]}]},{\"@type\":\"ImageObject\",\"inLanguage\":\"de\",\"@id\":\"https:\/\/konsumpf.de\/?p=10535#primaryimage\",\"url\":\"http:\/\/vg02.met.vgwort.de\/na\/09f81a8199e54f0a92c071b167f92354\",\"contentUrl\":\"http:\/\/vg02.met.vgwort.de\/na\/09f81a8199e54f0a92c071b167f92354\"},{\"@type\":\"BreadcrumbList\",\"@id\":\"https:\/\/konsumpf.de\/?p=10535#breadcrumb\",\"itemListElement\":[{\"@type\":\"ListItem\",\"position\":1,\"name\":\"Startseite\",\"item\":\"https:\/\/konsumpf.de\/\"},{\"@type\":\"ListItem\",\"position\":2,\"name\":\"Abgesang auf die Plastikt\u00fcte\"}]},{\"@type\":\"WebSite\",\"@id\":\"https:\/\/konsumpf.de\/#website\",\"url\":\"https:\/\/konsumpf.de\/\",\"name\":\"Konsumpf - Forum f\u00fcr kreative Konsumkritik - Culture Jamming, Nachhaltigkeit, Konzernkritik, Adbusting\",\"description\":\"\",\"potentialAction\":[{\"@type\":\"SearchAction\",\"target\":{\"@type\":\"EntryPoint\",\"urlTemplate\":\"https:\/\/konsumpf.de\/?s={search_term_string}\"},\"query-input\":{\"@type\":\"PropertyValueSpecification\",\"valueRequired\":true,\"valueName\":\"search_term_string\"}}],\"inLanguage\":\"de\"},{\"@type\":\"Person\",\"@id\":\"https:\/\/konsumpf.de\/#\/schema\/person\/e595a6d286b26994e7e0926d70699070\",\"name\":\"Peter M.\",\"sameAs\":[\"http:\/\/konsumpf.de\"]}]}<\/script>\n<!-- \/ Yoast SEO plugin. -->","yoast_head_json":{"title":"Abgesang auf die Plastikt\u00fcte - Konsumpf - Forum f\u00fcr kreative Konsumkritik - Culture Jamming, Nachhaltigkeit, Konzernkritik, Adbusting","robots":{"index":"index","follow":"follow","max-snippet":"max-snippet:-1","max-image-preview":"max-image-preview:large","max-video-preview":"max-video-preview:-1"},"canonical":"https:\/\/konsumpf.de\/?p=10535","og_locale":"de_DE","og_type":"article","og_title":"Abgesang auf die Plastikt\u00fcte - Konsumpf - Forum f\u00fcr kreative Konsumkritik - Culture Jamming, Nachhaltigkeit, Konzernkritik, Adbusting","og_description":"Dass Plastik in der Masse, wie es unsere Wegwerfgesellschaft t\u00e4glich tonnenweise produziert, Mensch und Natur sch\u00e4digt, und vieles davon auch noch unsinnigerweise verwendet wird, hatte ich ja vor einer Weile schon berichtet (\u201eKampf den Plastikt\u00fcten\u201c). Auch der Film Plastic Planet zeigte in erschreckender Weise, wie weit Plastik mittlerweile in den (ehemals) nat\u00fcrlichen Kreislauf eingedrungen ist [&hellip;]","og_url":"https:\/\/konsumpf.de\/?p=10535","og_site_name":"Konsumpf - Forum f\u00fcr kreative Konsumkritik - Culture Jamming, Nachhaltigkeit, Konzernkritik, Adbusting","article_published_time":"2011-01-12T08:33:45+00:00","article_modified_time":"2011-01-12T11:31:26+00:00","og_image":[{"url":"http:\/\/vg02.met.vgwort.de\/na\/09f81a8199e54f0a92c071b167f92354","type":"","width":"","height":""}],"author":"Peter M.","twitter_card":"summary_large_image","twitter_misc":{"Verfasst von":"Peter M.","Gesch\u00e4tzte Lesezeit":"4\u00a0Minuten"},"schema":{"@context":"https:\/\/schema.org","@graph":[{"@type":"WebPage","@id":"https:\/\/konsumpf.de\/?p=10535","url":"https:\/\/konsumpf.de\/?p=10535","name":"Abgesang auf die Plastikt\u00fcte - Konsumpf - Forum f\u00fcr kreative Konsumkritik - Culture Jamming, Nachhaltigkeit, Konzernkritik, Adbusting","isPartOf":{"@id":"https:\/\/konsumpf.de\/#website"},"primaryImageOfPage":{"@id":"https:\/\/konsumpf.de\/?p=10535#primaryimage"},"image":{"@id":"https:\/\/konsumpf.de\/?p=10535#primaryimage"},"thumbnailUrl":"http:\/\/vg02.met.vgwort.de\/na\/09f81a8199e54f0a92c071b167f92354","datePublished":"2011-01-12T08:33:45+00:00","dateModified":"2011-01-12T11:31:26+00:00","author":{"@id":"https:\/\/konsumpf.de\/#\/schema\/person\/e595a6d286b26994e7e0926d70699070"},"breadcrumb":{"@id":"https:\/\/konsumpf.de\/?p=10535#breadcrumb"},"inLanguage":"de","potentialAction":[{"@type":"ReadAction","target":["https:\/\/konsumpf.de\/?p=10535"]}]},{"@type":"ImageObject","inLanguage":"de","@id":"https:\/\/konsumpf.de\/?p=10535#primaryimage","url":"http:\/\/vg02.met.vgwort.de\/na\/09f81a8199e54f0a92c071b167f92354","contentUrl":"http:\/\/vg02.met.vgwort.de\/na\/09f81a8199e54f0a92c071b167f92354"},{"@type":"BreadcrumbList","@id":"https:\/\/konsumpf.de\/?p=10535#breadcrumb","itemListElement":[{"@type":"ListItem","position":1,"name":"Startseite","item":"https:\/\/konsumpf.de\/"},{"@type":"ListItem","position":2,"name":"Abgesang auf die Plastikt\u00fcte"}]},{"@type":"WebSite","@id":"https:\/\/konsumpf.de\/#website","url":"https:\/\/konsumpf.de\/","name":"Konsumpf - Forum f\u00fcr kreative Konsumkritik - Culture Jamming, Nachhaltigkeit, Konzernkritik, Adbusting","description":"","potentialAction":[{"@type":"SearchAction","target":{"@type":"EntryPoint","urlTemplate":"https:\/\/konsumpf.de\/?s={search_term_string}"},"query-input":{"@type":"PropertyValueSpecification","valueRequired":true,"valueName":"search_term_string"}}],"inLanguage":"de"},{"@type":"Person","@id":"https:\/\/konsumpf.de\/#\/schema\/person\/e595a6d286b26994e7e0926d70699070","name":"Peter M.","sameAs":["http:\/\/konsumpf.de"]}]}},"_links":{"self":[{"href":"https:\/\/konsumpf.de\/index.php?rest_route=\/wp\/v2\/posts\/10535"}],"collection":[{"href":"https:\/\/konsumpf.de\/index.php?rest_route=\/wp\/v2\/posts"}],"about":[{"href":"https:\/\/konsumpf.de\/index.php?rest_route=\/wp\/v2\/types\/post"}],"author":[{"embeddable":true,"href":"https:\/\/konsumpf.de\/index.php?rest_route=\/wp\/v2\/users\/1"}],"replies":[{"embeddable":true,"href":"https:\/\/konsumpf.de\/index.php?rest_route=%2Fwp%2Fv2%2Fcomments&post=10535"}],"version-history":[{"count":11,"href":"https:\/\/konsumpf.de\/index.php?rest_route=\/wp\/v2\/posts\/10535\/revisions"}],"predecessor-version":[{"id":10560,"href":"https:\/\/konsumpf.de\/index.php?rest_route=\/wp\/v2\/posts\/10535\/revisions\/10560"}],"wp:attachment":[{"href":"https:\/\/konsumpf.de\/index.php?rest_route=%2Fwp%2Fv2%2Fmedia&parent=10535"}],"wp:term":[{"taxonomy":"category","embeddable":true,"href":"https:\/\/konsumpf.de\/index.php?rest_route=%2Fwp%2Fv2%2Fcategories&post=10535"},{"taxonomy":"post_tag","embeddable":true,"href":"https:\/\/konsumpf.de\/index.php?rest_route=%2Fwp%2Fv2%2Ftags&post=10535"}],"curies":[{"name":"wp","href":"https:\/\/api.w.org\/{rel}","templated":true}]}}