{"id":1045,"date":"2008-12-06T17:37:51","date_gmt":"2008-12-06T16:37:51","guid":{"rendered":"http:\/\/konsumpf.de\/?p=1045"},"modified":"2010-11-18T20:58:58","modified_gmt":"2010-11-18T19:58:58","slug":"%e2%80%9edas-system-steckt-nicht-in-einer-krise-%e2%80%93-die-krise-ist-das-system%e2%80%9d-teil-12","status":"publish","type":"post","link":"https:\/\/konsumpf.de\/?p=1045","title":{"rendered":"\u201eDas System steckt nicht in einer Krise \u2013 die Krise ist das System\u201d (Teil 1\/2)"},"content":{"rendered":"<p><a href=\"http:\/\/konsumpf.de\/wp-content\/uploads\/2008\/12\/adbusters-norwegen-culture-jam.gif\"><img loading=\"lazy\" decoding=\"async\" class=\"alignright size-full wp-image-1389\" title=\"adbusters-norwegen-culture-jam\" src=\"http:\/\/konsumpf.de\/wp-content\/uploads\/2008\/12\/adbusters-norwegen-culture-jam.gif\" alt=\"\" width=\"150\" height=\"221\" \/><\/a>Wenn man sich erst einmal in die Materie Culture Jamming, Konzernkritik, Nachhaltigkeit usw. einliest und Informationen, die gerade zu Zeiten dieser \u201eFinanzkrise\u201d von allen Seiten auf uns einstr\u00f6men, miteinander verquickt, wird einem eigentlich relativ bald klar, dass Konsumkritik mehr ist als nur das Nachdenken \u00fcber ein paar Justierungen am eigenen Konsumverhalten (kein Kauf bei Discountern, mehr Bio etc.). Wer das Dogma <em>\u201eKaufen macht gl\u00fccklich\u201d<\/em> bzw. <em>\u201eMehr Konsum ist besser als weniger Konsum\u201d<\/em> in Frage zu stellen beginnt, r\u00fcttelt damit n\u00e4mlich automatisch auch an den Grund\u201ewerten\u201d, die unser Wirtschafts- und Alltagsleben mittlerweile nahezu komplett durchdrungen haben. Ich denke, dass dieses R\u00fctteln jedoch absolut angebracht und notwendig ist, um (noch) Schlimmeres zu verhindern!<\/p>\n<p>In der letzten Zeit wird zunehmend deutlich, dass genau dieses System des permanenten Wirtschaftswachstums, in dem wir in der westlichen Welt uns so bequem eingerichtet haben, gr\u00f6\u00dfere Risse bekommt und <a href=\"http:\/\/konsumpf.de\/?p=556\">eventuell gar auf einen gro\u00dfen Knall zu steuert<\/a>. Gerade wenn man sieht, wie verzweifelt die Politik aktuell versucht, das System nun hektisch mit Abermilliarden von Euro und US$ zu st\u00fctzen (Milliarden, die letztlich von uns allen erst erwirtschaftet werden m\u00fcssen und f\u00fcr die auch noch unsere Kinder und Kindeskinder blechen werden), d\u00e4mmert es immer mehr Menschen, dass hier wohl etwas <em>grundlegend<\/em> falsch l\u00e4uft.<\/p>\n<p><a href=\"http:\/\/konsumpf.de\/wp-content\/uploads\/2008\/12\/bezahlung-mit-kreditkarte.jpg\"><img loading=\"lazy\" decoding=\"async\" class=\"alignright size-medium wp-image-1390\" title=\"bezahlung-mit-kreditkarte\" src=\"http:\/\/konsumpf.de\/wp-content\/uploads\/2008\/12\/bezahlung-mit-kreditkarte-225x300.jpg\" alt=\"\" width=\"192\" height=\"256\" \/><\/a>Nach den nutzlosen Steuererleichterungen f\u00fcr alle Neu-Pkw-K\u00e4ufer ist das neueste Beispiel die haneb\u00fcchene Idee einiger \u201eSpitzenpolitiker\u201d in der SPD, <a href=\"http:\/\/nachrichten.aol.de\/nachrichten-politik\/nahles-erzuernt-die-spd-mit-dem\/artikel\/20081204014404486716533\" target=\"_blank\">500 \u20ac-Konsumgutscheine auszugeben<\/a>, um den Konsum endlich wieder anzukurbeln. Hier geht es gar nicht mehr um sinnvolle Investitionen oder gar eine bed\u00fcrfniszentrierte Produktion o.\u00e4., sondern um das reine Geldausgeben als Hauptsinn und -zweck eines jeden B\u00fcrgers. (<a href=\"http:\/\/www.derwesten.de\/nachrichten\/2008\/12\/4\/news-95750835\/detail.html\" target=\"_blank\">Frankreich hat diesen Bl\u00f6dsinn \u00fcbrigens gerade beschlossen<\/a> &#8211; 200 \u20ac pro Familie gibt&#8217;s f\u00fcr insg. 3.8 Mio Familien; eine kurze Party, deren Kosten, wie gesagt, zuk\u00fcnftige Generationen tragen d\u00fcrfen.)<\/p>\n<p>Diese kommentierte Aussage eines <a href=\"http:\/\/forum.tagesschau.de\/showthread.php?s=203e9e42cf99bd9e57bd5d18a82c0f7e&amp;p=844012#poststop\">Users im Tagesschauforum<\/a> aus dem <a href=\"http:\/\/autismuskritik.twoday.net\/stories\/5365831\/\" target=\"_blank\">als-ob-leben?-Blog<\/a> trifft den Nagel auf den Kopf:<\/p>\n<blockquote><p><em>&#8220;Was ich an diesem &#8220;Konsumgutschein&#8221; interessant finde, ist wie offen auf diese Weise unser Wirtschaftssystem als das entlarvt wird, was es ist&#8230;n\u00e4mlich ein auf (m\u00f6glichst) immer weiter ansteigendem Konsum basierendes System.<\/em><\/p>\n<p><em>Ein System, in dem der Idealb\u00fcrger offensichtlich jemand ist, der, wenn er nicht gerade flei\u00dfig arbeitet (egal was er dabei macht&#8230; die Sinnfrage stellt sich gar nicht), das erworbene Geld sofort wieder in den Wirtschaftskreislauf zur\u00fccksp\u00fclt.<\/em><\/p>\n<p><em>Ich frage mich, wie es in einem solchen System m\u00f6glich sein soll &#8220;nachhaltig&#8221; zu wirtschaften. Wie soll ein System, das auf dem grenzenlosen Konsum basiert mit &#8220;weniger&#8221; auskommen? Weniger M\u00fcll? Weniger Umweltverschmutzung? Weniger Energieverbrauch? Unm\u00f6glich, wenn gleichzeitig &#8220;immer mehr&#8221; konsumiert werden muss.&#8221;<\/em><\/p>\n<p>und ich erg\u00e4nze das mit dem auszug aus einem alten kommentar meinerseits zum beitrag \u00fcber die toten der hiesigen &#8220;sozialpolitik&#8221;:<\/p>\n<p>&#8220;egal, aus welcher perspektive ich mir die zust\u00e4nde auch betrachte: die &#8220;party&#8221; namens westlicher lebensstil ist zu ende. definitiv. jedes weitere aufschieben dieser einsicht und v.a. der daraus folgenden konsequenzen ist untrennbar verbunden mit einer t\u00e4glich gr\u00f6\u00dfer werdenden existenziellen gef\u00e4hrdung all dessen, was sich als unsere menschliche substanz begreifen lie\u00dfe, ja inzwischen sogar der biologischen und \u00f6kologischen grundlagen unserer existenz.<\/p><\/blockquote>\n<p>Wie hilflos die Politiker sind und wie sehr ihr Denken in diesem System gefangen ist, sieht man an all diesen \u201eRettungspaketen\u201d und \u201eProgrammen\u201d \u2013 nach dem Motto: wenn die Menschen nur sch\u00f6n wieder kaufen, wird alles gut&#8230; Auf der n-tv-Seite kann man u.a. lesen (\u201e<a href=\"http:\/\/www.n-tv.de\/1062784.html\" target=\"_blank\">Gutscheine f\u00fcr alle \u2013 Konjunkturprogramm 2.0<\/a>\u201d)<\/p>\n<blockquote><p>Auch der Pr\u00e4sident des Deutschen Instituts f\u00fcr Wirtschaftsforschung (DIW), Klaus Zimmermann, warnte davor und erkl\u00e4rte, ein Gro\u00dfteil der Summe w\u00fcrde investiert in Dinge, die &#8220;man ohnehin kaufen wollte&#8221;.<\/p><\/blockquote>\n<p>Es ist schon bezeichnend, dass bef\u00fcrchtet wird, dass die Leute Sachen kaufen, <em>\u201edie sie ohnehin kaufen wollten\u201d<\/em> \u2013 dass also ein Weg aus der Krise eher darin gesehen wird, dass die B\u00fcrger demnach Dinge kaufen sollen, die sie <strong>nicht<\/strong> kaufen wollen, sprich: <strong>sich \u00fcberfl\u00fcssigem, sinnlosem Konsum<\/strong> hingeben. Noch bezeichnender sind vielleicht die Pl\u00e4ne einiger CDU-Politiker, die \u201eFinanzkrise\u201d mal schnell dazu zu nutzen, <strong>Klimaziele zu verw\u00e4ssern<\/strong> und statt dessen das Land mit weiteren Stra\u00dfen und Kohlekraftwerken (!) zuzupflastern. Dreister und kurzsichtiger geht es wirklich nicht mehr.<\/p>\n<blockquote><p>Oettinger und R\u00fcttgers machten sich \u2013 \u00e4hnlich wie es Bundestagsfraktionschef Volker Kauder auf dem CDU-Parteitag in Stuttgart \u2013 f\u00fcr andere Konjunkturhilfen stark. &#8220;So k\u00f6nnte man noch einmal zwei Milliarden Euro in den Ausbau der Bundesfernstra\u00dfen stecken (&#8230;)\u201d R\u00fcttgers will den Bau neuer Kohlekraftwerke f\u00f6rdern, um die Konjunktur anzuschieben, ohne staatliches Geld auszugeben. Es sei m\u00f6glich, &#8220;Geld zu mobilisieren, das bei den Energieversorgern vorhanden ist. Dazu m\u00fcssten nur die Investitionsbedingungen etwa beim Emissionshandel verbessert werden.&#8221;<\/p><\/blockquote>\n<p><a href=\"http:\/\/konsumpf.de\/wp-content\/uploads\/2008\/12\/991932_leadership_1.jpg\"><img loading=\"lazy\" decoding=\"async\" class=\"alignright size-medium wp-image-1391\" title=\"991932_leadership_1\" src=\"http:\/\/konsumpf.de\/wp-content\/uploads\/2008\/12\/991932_leadership_1.jpg\" alt=\"\" width=\"228\" height=\"152\" \/><\/a>Was aus alledem deutlich wird: in politischen Kreisen findet eine reine <strong>Symptombek\u00e4mpfung<\/strong> statt &#8211; ein \u201ethinking outside the box\u201d, sprich allein das Nachdenken \u00fcber neue, andersartige, ungewohnte Wege scheint schon v\u00f6llig unvorstellbar (und ist vermutlich auch unerw\u00fcnscht, solange starke Interessensgruppen von der Fortf\u00fchrung der derzeitigen Verh\u00e4ltnisse blendend profitieren). Man kann hier zumindest eine erstaunliche Naivit\u00e4t oder Betriebsblindheit konstatieren, gespeist durch ein z.B. auch von den <strong>Wirtschafts\u201ewissenschaften\u201d<\/strong> vermitteltes Weltbild (Ideologie), das im Prinzip von bis in alle Ewigkeit g\u00fcltigen stabilen Bedingungen ausgeht, in der die M\u00e4rkte ihr magisches Wirken zum Wohle aller vollziehen werden. Oder wie es der <a href=\"http:\/\/209.85.129.132\/custom?q=cache:c4C7pXnjhsYJ:www.rainer-bruederle.de\/files\/4542\/Rede_Haushaltsdebatte_Wirtschaft_Nov08.pdf+systemfrage&amp;hl=de&amp;ct=clnk&amp;cd=2&amp;client=google-coop-np\" target=\"_blank\">FDPler <strong>Rainer Br\u00fcderle<\/strong> neulich im Bundestag unmissverst\u00e4ndlich ausdr\u00fcckte<\/a> (diese Aussage nehme ich nur als Beispiel f\u00fcr das festgefahrene Denken, aus dem es f\u00fcr die meisten Politiker, quer durch <em>alle<\/em> Parteien, offenbar kein Entrinnen gibt):<\/p>\n<blockquote><p>Was wir nicht brauchen, ist eine Debatte \u00fcber die Systemfrage. Ohne Frage ist die soziale Marktwirtschaft die \u00fcberlegene Wirtschaftordnung. Leider ist es aber so: Selbst wenn Sie ein Auto mit tollen Airbags und Radarsteuerung bauen, wenn der Falsche am Steuer sitzt, f\u00e4hrt er trotzdem gegen die Wand. Das liegt aber nicht am Auto, das liegt nicht an der sozialen Marktwirtschaft, sondern an der falschen Handhabung.  Seit Jahren wird gegen den Geist der sozialen Marktwirtschaft versto\u00dfen, indem man in die M\u00e4rkte hinein interveniert.<\/p><\/blockquote>\n<p>Von politischer Seite her sind also kaum irgendwelche zukunftsweisenden L\u00f6sungsans\u00e4tze oder gar neue Ideen zu erwarten (obwohl mit <a href=\"http:\/\/www.basis-d.de\/\" target=\"_blank\"><strong>Die Basis<\/strong><\/a> gerade eine, zumindest auf dem Papier, ganz interessante neue Partei gegr\u00fcndet wurde), hier werden lieber altbekannte Fronten abgesteckt, Phrasen gedroschen, in den eingefahrenen Gedankenbahnen herumgeschwebt (\u201eNeoliberalismus\u201d hier, \u201edemokratischer Sozialismus\u201d dort), und der politische Gegner beharkt und diffamiert.<\/p>\n<p>Kurz und gut \u2013 wir m\u00fcssen es (auch) selber richten, wenn wir etwas gegen den Zerfall der Welt tun wollen, allein auf \u201eden Staat\u201d zu warten bringt wohl leider nichts.<\/p>\n<p><em>[<a href=\"http:\/\/konsumpf.de\/?p=1386\">Fortsetzung folgt \u2013 morgen<\/a>]<\/em><br \/>\n<img loading=\"lazy\" decoding=\"async\" src=\"http:\/\/vg07.met.vgwort.de\/na\/39e5992bea8d442cabc78a922b48627c\" alt=\"\" width=\"1\" height=\"1\" \/><\/p>\n<h3 class='related_post_title'>Verwandte Beitr\u00e4ge:<\/h3><ul class='related_post'><li><a href=\"http:\/\/konsumpf.de\/?p=1386\" title=\"\u201eDas System steckt nicht in einer Krise \u2013 die Krise ist das System\u201d (Teil 2\/2)\">\u201eDas System steckt nicht in einer Krise \u2013 die Krise ist das System\u201d (Teil 2\/2)<\/a><\/li><li><a href=\"http:\/\/konsumpf.de\/?p=7397\" title=\"Konsum und Verantwortung \u2013 Aber bitte mit Ethik!\">Konsum und Verantwortung \u2013 Aber bitte mit Ethik!<\/a><\/li><li><a href=\"http:\/\/konsumpf.de\/?p=6696\" title=\"Politischer Konsum?\">Politischer Konsum?<\/a><\/li><li><a href=\"http:\/\/konsumpf.de\/?p=15320\" title=\"Steht das System des Wirtschaftswachstums vor dem Kollaps?\">Steht das System des Wirtschaftswachstums vor dem Kollaps?<\/a><\/li><li><a href=\"http:\/\/konsumpf.de\/?p=15303\" title=\"Zeit zu entgiften\">Zeit zu entgiften<\/a><\/li><\/ul>","protected":false},"excerpt":{"rendered":"<p>Wenn man sich erst einmal in die Materie Culture Jamming, Konzernkritik, Nachhaltigkeit usw. einliest und Informationen, die gerade zu Zeiten dieser \u201eFinanzkrise\u201d von allen Seiten auf uns einstr\u00f6men, miteinander verquickt, wird einem eigentlich relativ bald klar, dass Konsumkritik mehr ist als nur das Nachdenken \u00fcber ein paar Justierungen am eigenen Konsumverhalten (kein Kauf bei Discountern, [&hellip;]<\/p>\n","protected":false},"author":1,"featured_media":0,"comment_status":"open","ping_status":"open","sticky":false,"template":"","format":"standard","meta":{"footnotes":""},"categories":[10,11,37,12,4,54,53,78],"tags":[222,86,31,220,2854,218,87,2870,79,217,221,219],"yoast_head":"<!-- This site is optimized with the Yoast SEO plugin v24.4 - https:\/\/yoast.com\/wordpress\/plugins\/seo\/ -->\n<title>\u201eDas System steckt nicht in einer Krise \u2013 die Krise ist das System\u201d (Teil 1\/2) - Konsumpf - Forum f\u00fcr kreative Konsumkritik - Culture Jamming, Nachhaltigkeit, Konzernkritik, Adbusting<\/title>\n<meta name=\"robots\" content=\"index, follow, max-snippet:-1, max-image-preview:large, max-video-preview:-1\" \/>\n<link rel=\"canonical\" href=\"https:\/\/konsumpf.de\/?p=1045\" \/>\n<meta property=\"og:locale\" content=\"de_DE\" \/>\n<meta property=\"og:type\" content=\"article\" \/>\n<meta property=\"og:title\" content=\"\u201eDas System steckt nicht in einer Krise \u2013 die Krise ist das System\u201d (Teil 1\/2) - Konsumpf - Forum f\u00fcr kreative Konsumkritik - Culture Jamming, Nachhaltigkeit, Konzernkritik, Adbusting\" \/>\n<meta property=\"og:description\" content=\"Wenn man sich erst einmal in die Materie Culture Jamming, Konzernkritik, Nachhaltigkeit usw. einliest und Informationen, die gerade zu Zeiten dieser \u201eFinanzkrise\u201d von allen Seiten auf uns einstr\u00f6men, miteinander verquickt, wird einem eigentlich relativ bald klar, dass Konsumkritik mehr ist als nur das Nachdenken \u00fcber ein paar Justierungen am eigenen Konsumverhalten (kein Kauf bei Discountern, [&hellip;]\" \/>\n<meta property=\"og:url\" content=\"https:\/\/konsumpf.de\/?p=1045\" \/>\n<meta property=\"og:site_name\" content=\"Konsumpf - Forum f\u00fcr kreative Konsumkritik - Culture Jamming, Nachhaltigkeit, Konzernkritik, Adbusting\" \/>\n<meta property=\"article:published_time\" content=\"2008-12-06T16:37:51+00:00\" \/>\n<meta property=\"article:modified_time\" content=\"2010-11-18T19:58:58+00:00\" \/>\n<meta property=\"og:image\" content=\"http:\/\/konsumpf.de\/wp-content\/uploads\/2008\/12\/adbusters-norwegen-culture-jam.gif\" \/>\n<meta name=\"author\" content=\"Peter M.\" \/>\n<meta name=\"twitter:card\" content=\"summary_large_image\" \/>\n<meta name=\"twitter:label1\" content=\"Verfasst von\" \/>\n\t<meta name=\"twitter:data1\" content=\"Peter M.\" \/>\n\t<meta name=\"twitter:label2\" content=\"Gesch\u00e4tzte Lesezeit\" \/>\n\t<meta name=\"twitter:data2\" content=\"6\u00a0Minuten\" \/>\n<script type=\"application\/ld+json\" class=\"yoast-schema-graph\">{\"@context\":\"https:\/\/schema.org\",\"@graph\":[{\"@type\":\"WebPage\",\"@id\":\"https:\/\/konsumpf.de\/?p=1045\",\"url\":\"https:\/\/konsumpf.de\/?p=1045\",\"name\":\"\u201eDas System steckt nicht in einer Krise \u2013 die Krise ist das System\u201d (Teil 1\/2) - Konsumpf - Forum f\u00fcr kreative Konsumkritik - Culture Jamming, Nachhaltigkeit, Konzernkritik, Adbusting\",\"isPartOf\":{\"@id\":\"https:\/\/konsumpf.de\/#website\"},\"primaryImageOfPage\":{\"@id\":\"https:\/\/konsumpf.de\/?p=1045#primaryimage\"},\"image\":{\"@id\":\"https:\/\/konsumpf.de\/?p=1045#primaryimage\"},\"thumbnailUrl\":\"http:\/\/konsumpf.de\/wp-content\/uploads\/2008\/12\/adbusters-norwegen-culture-jam.gif\",\"datePublished\":\"2008-12-06T16:37:51+00:00\",\"dateModified\":\"2010-11-18T19:58:58+00:00\",\"author\":{\"@id\":\"https:\/\/konsumpf.de\/#\/schema\/person\/e595a6d286b26994e7e0926d70699070\"},\"breadcrumb\":{\"@id\":\"https:\/\/konsumpf.de\/?p=1045#breadcrumb\"},\"inLanguage\":\"de\",\"potentialAction\":[{\"@type\":\"ReadAction\",\"target\":[\"https:\/\/konsumpf.de\/?p=1045\"]}]},{\"@type\":\"ImageObject\",\"inLanguage\":\"de\",\"@id\":\"https:\/\/konsumpf.de\/?p=1045#primaryimage\",\"url\":\"https:\/\/konsumpf.de\/wp-content\/uploads\/2008\/12\/adbusters-norwegen-culture-jam.gif\",\"contentUrl\":\"https:\/\/konsumpf.de\/wp-content\/uploads\/2008\/12\/adbusters-norwegen-culture-jam.gif\"},{\"@type\":\"BreadcrumbList\",\"@id\":\"https:\/\/konsumpf.de\/?p=1045#breadcrumb\",\"itemListElement\":[{\"@type\":\"ListItem\",\"position\":1,\"name\":\"Startseite\",\"item\":\"https:\/\/konsumpf.de\/\"},{\"@type\":\"ListItem\",\"position\":2,\"name\":\"\u201eDas System steckt nicht in einer Krise \u2013 die Krise ist das System\u201d (Teil 1\/2)\"}]},{\"@type\":\"WebSite\",\"@id\":\"https:\/\/konsumpf.de\/#website\",\"url\":\"https:\/\/konsumpf.de\/\",\"name\":\"Konsumpf - Forum f\u00fcr kreative Konsumkritik - Culture Jamming, Nachhaltigkeit, Konzernkritik, Adbusting\",\"description\":\"\",\"potentialAction\":[{\"@type\":\"SearchAction\",\"target\":{\"@type\":\"EntryPoint\",\"urlTemplate\":\"https:\/\/konsumpf.de\/?s={search_term_string}\"},\"query-input\":{\"@type\":\"PropertyValueSpecification\",\"valueRequired\":true,\"valueName\":\"search_term_string\"}}],\"inLanguage\":\"de\"},{\"@type\":\"Person\",\"@id\":\"https:\/\/konsumpf.de\/#\/schema\/person\/e595a6d286b26994e7e0926d70699070\",\"name\":\"Peter M.\",\"sameAs\":[\"http:\/\/konsumpf.de\"]}]}<\/script>\n<!-- \/ Yoast SEO plugin. -->","yoast_head_json":{"title":"\u201eDas System steckt nicht in einer Krise \u2013 die Krise ist das System\u201d (Teil 1\/2) - Konsumpf - Forum f\u00fcr kreative Konsumkritik - Culture Jamming, Nachhaltigkeit, Konzernkritik, Adbusting","robots":{"index":"index","follow":"follow","max-snippet":"max-snippet:-1","max-image-preview":"max-image-preview:large","max-video-preview":"max-video-preview:-1"},"canonical":"https:\/\/konsumpf.de\/?p=1045","og_locale":"de_DE","og_type":"article","og_title":"\u201eDas System steckt nicht in einer Krise \u2013 die Krise ist das System\u201d (Teil 1\/2) - Konsumpf - Forum f\u00fcr kreative Konsumkritik - Culture Jamming, Nachhaltigkeit, Konzernkritik, Adbusting","og_description":"Wenn man sich erst einmal in die Materie Culture Jamming, Konzernkritik, Nachhaltigkeit usw. einliest und Informationen, die gerade zu Zeiten dieser \u201eFinanzkrise\u201d von allen Seiten auf uns einstr\u00f6men, miteinander verquickt, wird einem eigentlich relativ bald klar, dass Konsumkritik mehr ist als nur das Nachdenken \u00fcber ein paar Justierungen am eigenen Konsumverhalten (kein Kauf bei Discountern, [&hellip;]","og_url":"https:\/\/konsumpf.de\/?p=1045","og_site_name":"Konsumpf - Forum f\u00fcr kreative Konsumkritik - Culture Jamming, Nachhaltigkeit, Konzernkritik, Adbusting","article_published_time":"2008-12-06T16:37:51+00:00","article_modified_time":"2010-11-18T19:58:58+00:00","og_image":[{"url":"http:\/\/konsumpf.de\/wp-content\/uploads\/2008\/12\/adbusters-norwegen-culture-jam.gif","type":"","width":"","height":""}],"author":"Peter M.","twitter_card":"summary_large_image","twitter_misc":{"Verfasst von":"Peter M.","Gesch\u00e4tzte Lesezeit":"6\u00a0Minuten"},"schema":{"@context":"https:\/\/schema.org","@graph":[{"@type":"WebPage","@id":"https:\/\/konsumpf.de\/?p=1045","url":"https:\/\/konsumpf.de\/?p=1045","name":"\u201eDas System steckt nicht in einer Krise \u2013 die Krise ist das System\u201d (Teil 1\/2) - Konsumpf - Forum f\u00fcr kreative Konsumkritik - Culture Jamming, Nachhaltigkeit, Konzernkritik, Adbusting","isPartOf":{"@id":"https:\/\/konsumpf.de\/#website"},"primaryImageOfPage":{"@id":"https:\/\/konsumpf.de\/?p=1045#primaryimage"},"image":{"@id":"https:\/\/konsumpf.de\/?p=1045#primaryimage"},"thumbnailUrl":"http:\/\/konsumpf.de\/wp-content\/uploads\/2008\/12\/adbusters-norwegen-culture-jam.gif","datePublished":"2008-12-06T16:37:51+00:00","dateModified":"2010-11-18T19:58:58+00:00","author":{"@id":"https:\/\/konsumpf.de\/#\/schema\/person\/e595a6d286b26994e7e0926d70699070"},"breadcrumb":{"@id":"https:\/\/konsumpf.de\/?p=1045#breadcrumb"},"inLanguage":"de","potentialAction":[{"@type":"ReadAction","target":["https:\/\/konsumpf.de\/?p=1045"]}]},{"@type":"ImageObject","inLanguage":"de","@id":"https:\/\/konsumpf.de\/?p=1045#primaryimage","url":"https:\/\/konsumpf.de\/wp-content\/uploads\/2008\/12\/adbusters-norwegen-culture-jam.gif","contentUrl":"https:\/\/konsumpf.de\/wp-content\/uploads\/2008\/12\/adbusters-norwegen-culture-jam.gif"},{"@type":"BreadcrumbList","@id":"https:\/\/konsumpf.de\/?p=1045#breadcrumb","itemListElement":[{"@type":"ListItem","position":1,"name":"Startseite","item":"https:\/\/konsumpf.de\/"},{"@type":"ListItem","position":2,"name":"\u201eDas System steckt nicht in einer Krise \u2013 die Krise ist das System\u201d (Teil 1\/2)"}]},{"@type":"WebSite","@id":"https:\/\/konsumpf.de\/#website","url":"https:\/\/konsumpf.de\/","name":"Konsumpf - Forum f\u00fcr kreative Konsumkritik - Culture Jamming, Nachhaltigkeit, Konzernkritik, Adbusting","description":"","potentialAction":[{"@type":"SearchAction","target":{"@type":"EntryPoint","urlTemplate":"https:\/\/konsumpf.de\/?s={search_term_string}"},"query-input":{"@type":"PropertyValueSpecification","valueRequired":true,"valueName":"search_term_string"}}],"inLanguage":"de"},{"@type":"Person","@id":"https:\/\/konsumpf.de\/#\/schema\/person\/e595a6d286b26994e7e0926d70699070","name":"Peter M.","sameAs":["http:\/\/konsumpf.de"]}]}},"_links":{"self":[{"href":"https:\/\/konsumpf.de\/index.php?rest_route=\/wp\/v2\/posts\/1045"}],"collection":[{"href":"https:\/\/konsumpf.de\/index.php?rest_route=\/wp\/v2\/posts"}],"about":[{"href":"https:\/\/konsumpf.de\/index.php?rest_route=\/wp\/v2\/types\/post"}],"author":[{"embeddable":true,"href":"https:\/\/konsumpf.de\/index.php?rest_route=\/wp\/v2\/users\/1"}],"replies":[{"embeddable":true,"href":"https:\/\/konsumpf.de\/index.php?rest_route=%2Fwp%2Fv2%2Fcomments&post=1045"}],"version-history":[{"count":54,"href":"https:\/\/konsumpf.de\/index.php?rest_route=\/wp\/v2\/posts\/1045\/revisions"}],"predecessor-version":[{"id":9986,"href":"https:\/\/konsumpf.de\/index.php?rest_route=\/wp\/v2\/posts\/1045\/revisions\/9986"}],"wp:attachment":[{"href":"https:\/\/konsumpf.de\/index.php?rest_route=%2Fwp%2Fv2%2Fmedia&parent=1045"}],"wp:term":[{"taxonomy":"category","embeddable":true,"href":"https:\/\/konsumpf.de\/index.php?rest_route=%2Fwp%2Fv2%2Fcategories&post=1045"},{"taxonomy":"post_tag","embeddable":true,"href":"https:\/\/konsumpf.de\/index.php?rest_route=%2Fwp%2Fv2%2Ftags&post=1045"}],"curies":[{"name":"wp","href":"https:\/\/api.w.org\/{rel}","templated":true}]}}