{"id":1013,"date":"2008-11-21T11:05:07","date_gmt":"2008-11-21T10:05:07","guid":{"rendered":"http:\/\/konsumpf.de\/?p=1013"},"modified":"2008-11-19T23:55:15","modified_gmt":"2008-11-19T22:55:15","slug":"%e2%80%9emensch-willst-du-ewig-kaufen%e2%80%9d","status":"publish","type":"post","link":"https:\/\/konsumpf.de\/?p=1013","title":{"rendered":"\u201eMensch, willst du ewig kaufen?\u201d"},"content":{"rendered":"<p><a href=\"http:\/\/konsumpf.de\/wp-content\/uploads\/2008\/11\/197829_street_posters.jpg\"><img loading=\"lazy\" decoding=\"async\" class=\"alignright size-medium wp-image-1103\" title=\"197829_street_posters\" src=\"http:\/\/konsumpf.de\/wp-content\/uploads\/2008\/11\/197829_street_posters.jpg\" alt=\"\" width=\"187\" height=\"139\" \/><\/a>Das Thema <strong>Konsum- und Reklamekritik<\/strong> erscheint in der letzten Zeit erfreulich h\u00e4ufig auch in den (gehobenen) Mainstreammedien. Neulich, wie geschrieben, in DIE ZEIT, und letzte Woche sendete der <strong>Deutschlandfunk<\/strong> eine komplette Sondersendung \u00fcber \u201e<a href=\"http:\/\/www.dradio.de\/dlf\/programmtipp\/dasfeature\/836645\/\" target=\"_blank\">Kommunikationsguerilla gegen Konsumkultur<\/a>\u201d.<\/p>\n<blockquote><p>Werbetafeln, beklebt mit: &#8220;Reklame verboten&#8221;. &#8220;Wir freuen uns auf Ihre n\u00e4chsten Entlassungen und unsere Gehaltserh\u00f6hungen&#8221;, besagt die PR-Kampagne einer Bank. Amtliche Briefe fordern Notopfer f\u00fcr den Afghanistankrieg. Zeichen daf\u00fcr, dass die Kommunikationsguerilla mal wieder zugeschlagen hat.<\/p><\/blockquote>\n<blockquote><p>Ihr Ziel: die &#8220;subversive Kommunikation&#8221; \u00fcber Konkurrenz, Leistungsdenken und Zeitgeist. Au\u00dferdem: den Konsum l\u00e4cherlich zu machen, denn er bestimme nach ihrer Auffassung unser Leben.<\/p><\/blockquote>\n<blockquote><p>Ihre Mittel: die spa\u00dfhafte Unterwanderung, Protest durch Chaos, &#8220;Fakes&#8221; von Werbebotschaften und politischen Verlautbarungen.<\/p><\/blockquote>\n<blockquote><p>Die Guerilleros arbeiten im Verborgenen, \u00fcberall in Europa. Der Autor hat sie bei Planung und Ausf\u00fchrung ihrer Aktionen beobachtet, beim Versuch, die Wahrheit \u00fcber diejenigen zu sagen, deren Gesch\u00e4ft das L\u00fcgen ist.<\/p><\/blockquote>\n<p>In dieser Sendung kommt ebenfalls der <a href=\"http:\/\/unsdiewelt.com\/2008\/11\/deutschlandfunk-mensch-willst-du-ewig-kaufen\/\" target=\"_blank\">Wiener Publizist <strong>Klaus Werner-Lobo<\/strong><\/a> (\u201eSchwarzbuch Markenfirmen\u201d\/\u201eUns die Welt\u201d) zu Wort:<\/p>\n<blockquote><p><em>Lobo:<\/em> Gerade natu\u0308rlich im Bereich von Markenprodukten ist es so, dass Menschen sich Identita\u0308ten zulegen, in dem Sinn dass mit Produkten gewisse Emotionen verbunden sind und man hat so das Gefu\u0308hl, wenn man sich dieses Produkt jetzt kauft, dann kann man diese Emotionen mit sich selbst verbinden.<\/p>\n<p>Der Markterfolg, der ha\u0308ngt ja komplett von der Werbung ab, weil Werbung heute ja nicht mehr darin besteht ein Plakat zu drucken oder ein Inserat zu schalten, sondern da geht&#8217;s wirklich um gro\u00df angelegte Imagekampagnen. Also, die neuste Methode der Konzerne &#8211; gar nicht so neu ( &#8230; ) aber mit der sie in letzter Zeit sehr, sehr erfolgreich sind, ist die sogenannte ( &#8230; ) soziale Unternehmensverantwortung, wo sie uns weismachen wollen, dass sie jetzt ethisch und sozial denken und ( &#8230; ) quasi gute Bu\u0308rger einer Gesellschaft sind. Das Ganze ist ungefa\u0308hr so, wie wenn man vorher jemandem alles wegnimmt ( &#8230; ) und dann sag ich: stimmt eigentlich, der schaut arm aus und ich geb dem einen Euro.<\/p>\n<p>(&#8230;)<\/p>\n<p>SPRECHERIN Laut Klaus Werner-Lobo werden beispielsweise die Turnschuhe der Firma Adidas in Indonesien und China fu\u0308r circa vierzig Cent pro Paar gena\u0308ht.<\/p>\n<p>SPRECHER Um dann in Deutschland fu\u0308r hundert Euro u\u0308ber den Tisch zu<br \/>\ngehen.<\/p>\n<p>SPRECHERIN Einen gro\u00dfen Teil dieses Profits schluckt die Werbung, die la\u0308ngst nicht mehr nur Werbung in Anzeigen und auf Plakatwa\u0308nden ist.<\/p>\n<p>SPRECHER Viel eher Lifestyle-Creation, umfassendes Management, das kein Produkt verkauft, sondern eine Lebenseinstellung.<\/p>\n<p>(&#8230;)<\/p>\n<p><em>Bergstedt: <\/em><strong>Adbusting<\/strong> ist fu\u0308r mich ein Teil des Eingreifens in den o\u0308ffentlichen Raum, und zwar bezieht sich das vom Begriff Adbusting ja auf alles, was so an Werbefla\u0308chen da ist, fu\u0308r alles Mo\u0308gliche, also grad egal, ob da ein Produkt angepriesen wird oder ob dort eine Partei Werbung macht oder in welcher Form auch immer ( &#8230; ) das hat sehr viel mit dem Alltag der Leute zu tun.<\/p>\n<p>SPRECHERIN Die Adbuster-Szene ist eine der facettenreichsten Gruppierungen innerhalb der K-Guerilla.<\/p>\n<p>SPRECHER Ihre Arbeitsweise reicht von illegal bis legal.<\/p>\n<p>SPRECHERIN Komplett verweigernd &#8211; oder selbstironisch.<\/p><\/blockquote>\n<p>Leider gibt es von der Sendung keinen Podcast, aber immerhin ein <a href=\"http:\/\/konsumpf.de\/wp-content\/uploads\/2008\/11\/deutschlandfunk-mensch-willst-du-ewig-kaufen-prodfassung.pdf\">pdf mit dem Sendungsmanuskript<\/a>, das sich sehr am\u00fcsant und interessant liest und viele Facetten des kreativen Protests gegen Kommerz und Werbung beleuchtet.<\/p>\n<h3 class='related_post_title'>Verwandte Beitr\u00e4ge:<\/h3><ul class='related_post'><li><a href=\"http:\/\/konsumpf.de\/?p=14462\" title=\"Helft den Yes Men bei der Revolte!\">Helft den Yes Men bei der Revolte!<\/a><\/li><li><a href=\"http:\/\/konsumpf.de\/?p=13958\" title=\"Lesetipps: Reichtum &#038; Ruhm | Hilfe, LOHAS! |\u00a0Marlboro | Konsumverzicht\">Lesetipps: Reichtum &#038; Ruhm | Hilfe, LOHAS! |\u00a0Marlboro | Konsumverzicht<\/a><\/li><li><a href=\"http:\/\/konsumpf.de\/?p=13845\" title=\"Logo- &#038; Sloganpersiflagen\">Logo- &#038; Sloganpersiflagen<\/a><\/li><li><a href=\"http:\/\/konsumpf.de\/?p=13488\" title=\"Surftipp: Destructables \u2013 Anleitungen zum Widerspruch\">Surftipp: Destructables \u2013 Anleitungen zum Widerspruch<\/a><\/li><li><a href=\"http:\/\/konsumpf.de\/?p=13147\" title=\"Lesetipps: Danke, KiK! | H&#038;M | K\u00fcnstlerwettbewerb Anti-Konsum | Deutsches Fleisch\">Lesetipps: Danke, KiK! | H&#038;M | K\u00fcnstlerwettbewerb Anti-Konsum | Deutsches Fleisch<\/a><\/li><\/ul>","protected":false},"excerpt":{"rendered":"<p>Das Thema Konsum- und Reklamekritik erscheint in der letzten Zeit erfreulich h\u00e4ufig auch in den (gehobenen) Mainstreammedien. Neulich, wie geschrieben, in DIE ZEIT, und letzte Woche sendete der Deutschlandfunk eine komplette Sondersendung \u00fcber \u201eKommunikationsguerilla gegen Konsumkultur\u201d. Werbetafeln, beklebt mit: &#8220;Reklame verboten&#8221;. &#8220;Wir freuen uns auf Ihre n\u00e4chsten Entlassungen und unsere Gehaltserh\u00f6hungen&#8221;, besagt die PR-Kampagne einer [&hellip;]<\/p>\n","protected":false},"author":1,"featured_media":0,"comment_status":"open","ping_status":"open","sticky":false,"template":"","format":"standard","meta":{"footnotes":""},"categories":[18,5,4,20],"tags":[2858,2855,164,58,165],"yoast_head":"<!-- This site is optimized with the Yoast SEO plugin v24.4 - https:\/\/yoast.com\/wordpress\/plugins\/seo\/ -->\n<title>\u201eMensch, willst du ewig kaufen?\u201d - Konsumpf - Forum f\u00fcr kreative Konsumkritik - Culture Jamming, Nachhaltigkeit, Konzernkritik, Adbusting<\/title>\n<meta name=\"robots\" content=\"index, follow, max-snippet:-1, max-image-preview:large, max-video-preview:-1\" \/>\n<link rel=\"canonical\" href=\"https:\/\/konsumpf.de\/?p=1013\" \/>\n<meta property=\"og:locale\" content=\"de_DE\" \/>\n<meta property=\"og:type\" content=\"article\" \/>\n<meta property=\"og:title\" content=\"\u201eMensch, willst du ewig kaufen?\u201d - Konsumpf - Forum f\u00fcr kreative Konsumkritik - Culture Jamming, Nachhaltigkeit, Konzernkritik, Adbusting\" \/>\n<meta property=\"og:description\" content=\"Das Thema Konsum- und Reklamekritik erscheint in der letzten Zeit erfreulich h\u00e4ufig auch in den (gehobenen) Mainstreammedien. Neulich, wie geschrieben, in DIE ZEIT, und letzte Woche sendete der Deutschlandfunk eine komplette Sondersendung \u00fcber \u201eKommunikationsguerilla gegen Konsumkultur\u201d. Werbetafeln, beklebt mit: &#8220;Reklame verboten&#8221;. &#8220;Wir freuen uns auf Ihre n\u00e4chsten Entlassungen und unsere Gehaltserh\u00f6hungen&#8221;, besagt die PR-Kampagne einer [&hellip;]\" \/>\n<meta property=\"og:url\" content=\"https:\/\/konsumpf.de\/?p=1013\" \/>\n<meta property=\"og:site_name\" content=\"Konsumpf - Forum f\u00fcr kreative Konsumkritik - Culture Jamming, Nachhaltigkeit, Konzernkritik, Adbusting\" \/>\n<meta property=\"article:published_time\" content=\"2008-11-21T10:05:07+00:00\" \/>\n<meta property=\"og:image\" content=\"http:\/\/konsumpf.de\/wp-content\/uploads\/2008\/11\/197829_street_posters.jpg\" \/>\n<meta name=\"author\" content=\"Peter M.\" \/>\n<meta name=\"twitter:card\" content=\"summary_large_image\" \/>\n<meta name=\"twitter:label1\" content=\"Verfasst von\" \/>\n\t<meta name=\"twitter:data1\" content=\"Peter M.\" \/>\n\t<meta name=\"twitter:label2\" content=\"Gesch\u00e4tzte Lesezeit\" \/>\n\t<meta name=\"twitter:data2\" content=\"3\u00a0Minuten\" \/>\n<script type=\"application\/ld+json\" class=\"yoast-schema-graph\">{\"@context\":\"https:\/\/schema.org\",\"@graph\":[{\"@type\":\"WebPage\",\"@id\":\"https:\/\/konsumpf.de\/?p=1013\",\"url\":\"https:\/\/konsumpf.de\/?p=1013\",\"name\":\"\u201eMensch, willst du ewig kaufen?\u201d - Konsumpf - Forum f\u00fcr kreative Konsumkritik - Culture Jamming, Nachhaltigkeit, Konzernkritik, Adbusting\",\"isPartOf\":{\"@id\":\"https:\/\/konsumpf.de\/#website\"},\"primaryImageOfPage\":{\"@id\":\"https:\/\/konsumpf.de\/?p=1013#primaryimage\"},\"image\":{\"@id\":\"https:\/\/konsumpf.de\/?p=1013#primaryimage\"},\"thumbnailUrl\":\"http:\/\/konsumpf.de\/wp-content\/uploads\/2008\/11\/197829_street_posters.jpg\",\"datePublished\":\"2008-11-21T10:05:07+00:00\",\"author\":{\"@id\":\"https:\/\/konsumpf.de\/#\/schema\/person\/e595a6d286b26994e7e0926d70699070\"},\"breadcrumb\":{\"@id\":\"https:\/\/konsumpf.de\/?p=1013#breadcrumb\"},\"inLanguage\":\"de\",\"potentialAction\":[{\"@type\":\"ReadAction\",\"target\":[\"https:\/\/konsumpf.de\/?p=1013\"]}]},{\"@type\":\"ImageObject\",\"inLanguage\":\"de\",\"@id\":\"https:\/\/konsumpf.de\/?p=1013#primaryimage\",\"url\":\"https:\/\/konsumpf.de\/wp-content\/uploads\/2008\/11\/197829_street_posters.jpg\",\"contentUrl\":\"https:\/\/konsumpf.de\/wp-content\/uploads\/2008\/11\/197829_street_posters.jpg\"},{\"@type\":\"BreadcrumbList\",\"@id\":\"https:\/\/konsumpf.de\/?p=1013#breadcrumb\",\"itemListElement\":[{\"@type\":\"ListItem\",\"position\":1,\"name\":\"Startseite\",\"item\":\"https:\/\/konsumpf.de\/\"},{\"@type\":\"ListItem\",\"position\":2,\"name\":\"\u201eMensch, willst du ewig kaufen?\u201d\"}]},{\"@type\":\"WebSite\",\"@id\":\"https:\/\/konsumpf.de\/#website\",\"url\":\"https:\/\/konsumpf.de\/\",\"name\":\"Konsumpf - Forum f\u00fcr kreative Konsumkritik - Culture Jamming, Nachhaltigkeit, Konzernkritik, Adbusting\",\"description\":\"\",\"potentialAction\":[{\"@type\":\"SearchAction\",\"target\":{\"@type\":\"EntryPoint\",\"urlTemplate\":\"https:\/\/konsumpf.de\/?s={search_term_string}\"},\"query-input\":{\"@type\":\"PropertyValueSpecification\",\"valueRequired\":true,\"valueName\":\"search_term_string\"}}],\"inLanguage\":\"de\"},{\"@type\":\"Person\",\"@id\":\"https:\/\/konsumpf.de\/#\/schema\/person\/e595a6d286b26994e7e0926d70699070\",\"name\":\"Peter M.\",\"sameAs\":[\"http:\/\/konsumpf.de\"]}]}<\/script>\n<!-- \/ Yoast SEO plugin. -->","yoast_head_json":{"title":"\u201eMensch, willst du ewig kaufen?\u201d - Konsumpf - Forum f\u00fcr kreative Konsumkritik - Culture Jamming, Nachhaltigkeit, Konzernkritik, Adbusting","robots":{"index":"index","follow":"follow","max-snippet":"max-snippet:-1","max-image-preview":"max-image-preview:large","max-video-preview":"max-video-preview:-1"},"canonical":"https:\/\/konsumpf.de\/?p=1013","og_locale":"de_DE","og_type":"article","og_title":"\u201eMensch, willst du ewig kaufen?\u201d - Konsumpf - Forum f\u00fcr kreative Konsumkritik - Culture Jamming, Nachhaltigkeit, Konzernkritik, Adbusting","og_description":"Das Thema Konsum- und Reklamekritik erscheint in der letzten Zeit erfreulich h\u00e4ufig auch in den (gehobenen) Mainstreammedien. Neulich, wie geschrieben, in DIE ZEIT, und letzte Woche sendete der Deutschlandfunk eine komplette Sondersendung \u00fcber \u201eKommunikationsguerilla gegen Konsumkultur\u201d. Werbetafeln, beklebt mit: &#8220;Reklame verboten&#8221;. &#8220;Wir freuen uns auf Ihre n\u00e4chsten Entlassungen und unsere Gehaltserh\u00f6hungen&#8221;, besagt die PR-Kampagne einer [&hellip;]","og_url":"https:\/\/konsumpf.de\/?p=1013","og_site_name":"Konsumpf - Forum f\u00fcr kreative Konsumkritik - Culture Jamming, Nachhaltigkeit, Konzernkritik, Adbusting","article_published_time":"2008-11-21T10:05:07+00:00","og_image":[{"url":"http:\/\/konsumpf.de\/wp-content\/uploads\/2008\/11\/197829_street_posters.jpg","type":"","width":"","height":""}],"author":"Peter M.","twitter_card":"summary_large_image","twitter_misc":{"Verfasst von":"Peter M.","Gesch\u00e4tzte Lesezeit":"3\u00a0Minuten"},"schema":{"@context":"https:\/\/schema.org","@graph":[{"@type":"WebPage","@id":"https:\/\/konsumpf.de\/?p=1013","url":"https:\/\/konsumpf.de\/?p=1013","name":"\u201eMensch, willst du ewig kaufen?\u201d - Konsumpf - Forum f\u00fcr kreative Konsumkritik - Culture Jamming, Nachhaltigkeit, Konzernkritik, Adbusting","isPartOf":{"@id":"https:\/\/konsumpf.de\/#website"},"primaryImageOfPage":{"@id":"https:\/\/konsumpf.de\/?p=1013#primaryimage"},"image":{"@id":"https:\/\/konsumpf.de\/?p=1013#primaryimage"},"thumbnailUrl":"http:\/\/konsumpf.de\/wp-content\/uploads\/2008\/11\/197829_street_posters.jpg","datePublished":"2008-11-21T10:05:07+00:00","author":{"@id":"https:\/\/konsumpf.de\/#\/schema\/person\/e595a6d286b26994e7e0926d70699070"},"breadcrumb":{"@id":"https:\/\/konsumpf.de\/?p=1013#breadcrumb"},"inLanguage":"de","potentialAction":[{"@type":"ReadAction","target":["https:\/\/konsumpf.de\/?p=1013"]}]},{"@type":"ImageObject","inLanguage":"de","@id":"https:\/\/konsumpf.de\/?p=1013#primaryimage","url":"https:\/\/konsumpf.de\/wp-content\/uploads\/2008\/11\/197829_street_posters.jpg","contentUrl":"https:\/\/konsumpf.de\/wp-content\/uploads\/2008\/11\/197829_street_posters.jpg"},{"@type":"BreadcrumbList","@id":"https:\/\/konsumpf.de\/?p=1013#breadcrumb","itemListElement":[{"@type":"ListItem","position":1,"name":"Startseite","item":"https:\/\/konsumpf.de\/"},{"@type":"ListItem","position":2,"name":"\u201eMensch, willst du ewig kaufen?\u201d"}]},{"@type":"WebSite","@id":"https:\/\/konsumpf.de\/#website","url":"https:\/\/konsumpf.de\/","name":"Konsumpf - Forum f\u00fcr kreative Konsumkritik - Culture Jamming, Nachhaltigkeit, Konzernkritik, Adbusting","description":"","potentialAction":[{"@type":"SearchAction","target":{"@type":"EntryPoint","urlTemplate":"https:\/\/konsumpf.de\/?s={search_term_string}"},"query-input":{"@type":"PropertyValueSpecification","valueRequired":true,"valueName":"search_term_string"}}],"inLanguage":"de"},{"@type":"Person","@id":"https:\/\/konsumpf.de\/#\/schema\/person\/e595a6d286b26994e7e0926d70699070","name":"Peter M.","sameAs":["http:\/\/konsumpf.de"]}]}},"_links":{"self":[{"href":"https:\/\/konsumpf.de\/index.php?rest_route=\/wp\/v2\/posts\/1013"}],"collection":[{"href":"https:\/\/konsumpf.de\/index.php?rest_route=\/wp\/v2\/posts"}],"about":[{"href":"https:\/\/konsumpf.de\/index.php?rest_route=\/wp\/v2\/types\/post"}],"author":[{"embeddable":true,"href":"https:\/\/konsumpf.de\/index.php?rest_route=\/wp\/v2\/users\/1"}],"replies":[{"embeddable":true,"href":"https:\/\/konsumpf.de\/index.php?rest_route=%2Fwp%2Fv2%2Fcomments&post=1013"}],"version-history":[{"count":14,"href":"https:\/\/konsumpf.de\/index.php?rest_route=\/wp\/v2\/posts\/1013\/revisions"}],"predecessor-version":[{"id":1155,"href":"https:\/\/konsumpf.de\/index.php?rest_route=\/wp\/v2\/posts\/1013\/revisions\/1155"}],"wp:attachment":[{"href":"https:\/\/konsumpf.de\/index.php?rest_route=%2Fwp%2Fv2%2Fmedia&parent=1013"}],"wp:term":[{"taxonomy":"category","embeddable":true,"href":"https:\/\/konsumpf.de\/index.php?rest_route=%2Fwp%2Fv2%2Fcategories&post=1013"},{"taxonomy":"post_tag","embeddable":true,"href":"https:\/\/konsumpf.de\/index.php?rest_route=%2Fwp%2Fv2%2Ftags&post=1013"}],"curies":[{"name":"wp","href":"https:\/\/api.w.org\/{rel}","templated":true}]}}