{"id":10033,"date":"2010-12-04T10:13:47","date_gmt":"2010-12-04T09:13:47","guid":{"rendered":"http:\/\/konsumpf.de\/?p=10033"},"modified":"2010-12-02T18:45:45","modified_gmt":"2010-12-02T17:45:45","slug":"nachschlag-zu-sarrazin","status":"publish","type":"post","link":"https:\/\/konsumpf.de\/?p=10033","title":{"rendered":"Nachschlag zu Sarrazin"},"content":{"rendered":"<p>Nachdem ich Herrn Sarrazin vorgestern kurz erw\u00e4hnt habe, m\u00f6chte ich doch noch folgenden beiden Fundst\u00fccke zu dem Thema unters \u00fcberfremdete Volk bringen \u2013 zum einen den sehr interessanten Artikel \u201e<a href=\"http:\/\/www.hintergrund.de\/201009231145\/politik\/inland\/die-luegen-des-thilo-sarrazin.html\"><strong>Die L\u00fcgen des Thilo Sarrazin (Teil 1)<\/strong><\/a>\u201c und \u201e<a href=\"http:\/\/www.hintergrund.de\/201009271153\/politik\/inland\/die-luegen-des-thilo-sarrazin.html\"><strong>Teil 2<\/strong><\/a>\u201c, erschienen im Hintergrund, in dem Autor Martin Kreickenbaum aufzeigt, wie manches, was Sarrazin da schreibt, haneb\u00fcchen und an den Haaren herbei gezogen ist. Lesenswert!<\/p>\n<blockquote><p>(&#8230;) Das Bemerkenswerte an der Debatte besteht darin, dass selbst krudeste  Behauptungen aus Sarrazins Buch unwidersprochen bleiben. Sarrazin selbst  hat bereits im M\u00e4rz dieses Jahres gegen\u00fcber der<em> S\u00fcddeutschen Zeitung<\/em> zugegeben, dass er seine angeblich so aussagekr\u00e4ftigen Statistiken  selbst zurechtgebogen hat. Getreu dem Motto, \u201eglaube keiner Statistik,  die du nicht selber gef\u00e4lscht hast\u201c, erkl\u00e4rte er, wenn man keine Zahl  habe, \u201emuss man eine sch\u00f6pfen, die in die richtige Richtung weist, und  wenn sie keiner widerlegen kann, dann setze ich mich mit meiner  Sch\u00e4tzung durch\u201c.<\/p>\n<p>Das ist ihm insofern gelungen, als nun  allerorten von gewaltt\u00e4tigen muslimischen Jugendlichen und ungebildeten  T\u00fcrken und Arabern die Rede ist, die nach der Scharia leben und sich auf  Staatskosten ein sch\u00f6nes Leben machen. Kaum jemand tritt Sarrazin  ernsthaft entgegen und widerlegt seine angeblichen Fakten. Dabei  zeichnen offizielle Statistiken und Untersuchungen ein ganz anderes  Bild. (&#8230;)<\/p><\/blockquote>\n<p>In der Satiresendung <a href=\"http:\/\/heuteshow.zdf.de\/\"><strong>heute show<\/strong><\/a> im ZDF ist <strong>Gernot Hassknecht<\/strong> bekannt f\u00fcr seine pointierten und unsachlichen Kommentare, und vor einer Weile hat er sich auch Thilo Sarrazin und seinen Thesen angenommen:<\/p>\n<p><object classid=\"clsid:d27cdb6e-ae6d-11cf-96b8-444553540000\" width=\"500\" height=\"300\" codebase=\"http:\/\/download.macromedia.com\/pub\/shockwave\/cabs\/flash\/swflash.cab#version=6,0,40,0\"><param name=\"allowFullScreen\" value=\"true\" \/><param name=\"allowscriptaccess\" value=\"always\" \/><param name=\"src\" value=\"http:\/\/www.youtube.com\/v\/vHZ2cmQ8K_U?fs=1&amp;hl=de_DE\" \/><param name=\"allowfullscreen\" value=\"true\" \/><embed type=\"application\/x-shockwave-flash\" width=\"500\" height=\"300\" src=\"http:\/\/www.youtube.com\/v\/vHZ2cmQ8K_U?fs=1&amp;hl=de_DE\" allowscriptaccess=\"always\" allowfullscreen=\"true\"><\/embed><\/object><\/p>\n<h3 class='related_post_title'>Verwandte Beitr\u00e4ge:<\/h3><ul class='related_post'><li><a href=\"http:\/\/konsumpf.de\/?p=11263\" title=\"Buchbesprechung: Martin Sonneborn \u201eDas PARTEI-Buch\u201c\">Buchbesprechung: Martin Sonneborn \u201eDas PARTEI-Buch\u201c<\/a><\/li><li><a href=\"http:\/\/konsumpf.de\/?p=10708\" title=\"Gernot Hassknecht \u00fcber Billiglebensmittel\">Gernot Hassknecht \u00fcber Billiglebensmittel<\/a><\/li><li><a href=\"http:\/\/konsumpf.de\/?p=13597\" title=\"Das Jahr 2011 humorell durchleuchtet\">Das Jahr 2011 humorell durchleuchtet<\/a><\/li><li><a href=\"http:\/\/konsumpf.de\/?p=12824\" title=\"\u201eSchei\u00df RTL\u201c\">\u201eSchei\u00df RTL\u201c<\/a><\/li><li><a href=\"http:\/\/konsumpf.de\/?p=11754\" title=\"Sony und iPhone in humoreller Durchleuchtung\">Sony und iPhone in humoreller Durchleuchtung<\/a><\/li><\/ul>","protected":false},"excerpt":{"rendered":"<p>Nachdem ich Herrn Sarrazin vorgestern kurz erw\u00e4hnt habe, m\u00f6chte ich doch noch folgenden beiden Fundst\u00fccke zu dem Thema unters \u00fcberfremdete Volk bringen \u2013 zum einen den sehr interessanten Artikel \u201eDie L\u00fcgen des Thilo Sarrazin (Teil 1)\u201c und \u201eTeil 2\u201c, erschienen im Hintergrund, in dem Autor Martin Kreickenbaum aufzeigt, wie manches, was Sarrazin da schreibt, haneb\u00fcchen [&hellip;]<\/p>\n","protected":false},"author":1,"featured_media":0,"comment_status":"open","ping_status":"open","sticky":false,"template":"","format":"standard","meta":{"footnotes":""},"categories":[259,190,53],"tags":[1761,1851,1831,1832,2876,1835,101,1834,1692,1833],"yoast_head":"<!-- This site is optimized with the Yoast SEO plugin v24.4 - https:\/\/yoast.com\/wordpress\/plugins\/seo\/ -->\n<title>Nachschlag zu Sarrazin - Konsumpf - Forum f\u00fcr kreative Konsumkritik - Culture Jamming, Nachhaltigkeit, Konzernkritik, Adbusting<\/title>\n<meta name=\"robots\" content=\"index, follow, max-snippet:-1, max-image-preview:large, max-video-preview:-1\" \/>\n<link rel=\"canonical\" href=\"https:\/\/konsumpf.de\/?p=10033\" \/>\n<meta property=\"og:locale\" content=\"de_DE\" \/>\n<meta property=\"og:type\" content=\"article\" \/>\n<meta property=\"og:title\" content=\"Nachschlag zu Sarrazin - Konsumpf - Forum f\u00fcr kreative Konsumkritik - Culture Jamming, Nachhaltigkeit, Konzernkritik, Adbusting\" \/>\n<meta property=\"og:description\" content=\"Nachdem ich Herrn Sarrazin vorgestern kurz erw\u00e4hnt habe, m\u00f6chte ich doch noch folgenden beiden Fundst\u00fccke zu dem Thema unters \u00fcberfremdete Volk bringen \u2013 zum einen den sehr interessanten Artikel \u201eDie L\u00fcgen des Thilo Sarrazin (Teil 1)\u201c und \u201eTeil 2\u201c, erschienen im Hintergrund, in dem Autor Martin Kreickenbaum aufzeigt, wie manches, was Sarrazin da schreibt, haneb\u00fcchen [&hellip;]\" \/>\n<meta property=\"og:url\" content=\"https:\/\/konsumpf.de\/?p=10033\" \/>\n<meta property=\"og:site_name\" content=\"Konsumpf - Forum f\u00fcr kreative Konsumkritik - Culture Jamming, Nachhaltigkeit, Konzernkritik, Adbusting\" \/>\n<meta property=\"article:published_time\" content=\"2010-12-04T09:13:47+00:00\" \/>\n<meta name=\"author\" content=\"Peter M.\" \/>\n<meta name=\"twitter:card\" content=\"summary_large_image\" \/>\n<meta name=\"twitter:label1\" content=\"Verfasst von\" \/>\n\t<meta name=\"twitter:data1\" content=\"Peter M.\" \/>\n\t<meta name=\"twitter:label2\" content=\"Gesch\u00e4tzte Lesezeit\" \/>\n\t<meta name=\"twitter:data2\" content=\"1\u00a0Minute\" \/>\n<script type=\"application\/ld+json\" class=\"yoast-schema-graph\">{\"@context\":\"https:\/\/schema.org\",\"@graph\":[{\"@type\":\"WebPage\",\"@id\":\"https:\/\/konsumpf.de\/?p=10033\",\"url\":\"https:\/\/konsumpf.de\/?p=10033\",\"name\":\"Nachschlag zu Sarrazin - Konsumpf - Forum f\u00fcr kreative Konsumkritik - Culture Jamming, Nachhaltigkeit, Konzernkritik, Adbusting\",\"isPartOf\":{\"@id\":\"https:\/\/konsumpf.de\/#website\"},\"datePublished\":\"2010-12-04T09:13:47+00:00\",\"author\":{\"@id\":\"https:\/\/konsumpf.de\/#\/schema\/person\/e595a6d286b26994e7e0926d70699070\"},\"breadcrumb\":{\"@id\":\"https:\/\/konsumpf.de\/?p=10033#breadcrumb\"},\"inLanguage\":\"de\",\"potentialAction\":[{\"@type\":\"ReadAction\",\"target\":[\"https:\/\/konsumpf.de\/?p=10033\"]}]},{\"@type\":\"BreadcrumbList\",\"@id\":\"https:\/\/konsumpf.de\/?p=10033#breadcrumb\",\"itemListElement\":[{\"@type\":\"ListItem\",\"position\":1,\"name\":\"Startseite\",\"item\":\"https:\/\/konsumpf.de\/\"},{\"@type\":\"ListItem\",\"position\":2,\"name\":\"Nachschlag zu Sarrazin\"}]},{\"@type\":\"WebSite\",\"@id\":\"https:\/\/konsumpf.de\/#website\",\"url\":\"https:\/\/konsumpf.de\/\",\"name\":\"Konsumpf - Forum f\u00fcr kreative Konsumkritik - Culture Jamming, Nachhaltigkeit, Konzernkritik, Adbusting\",\"description\":\"\",\"potentialAction\":[{\"@type\":\"SearchAction\",\"target\":{\"@type\":\"EntryPoint\",\"urlTemplate\":\"https:\/\/konsumpf.de\/?s={search_term_string}\"},\"query-input\":{\"@type\":\"PropertyValueSpecification\",\"valueRequired\":true,\"valueName\":\"search_term_string\"}}],\"inLanguage\":\"de\"},{\"@type\":\"Person\",\"@id\":\"https:\/\/konsumpf.de\/#\/schema\/person\/e595a6d286b26994e7e0926d70699070\",\"name\":\"Peter M.\",\"sameAs\":[\"http:\/\/konsumpf.de\"]}]}<\/script>\n<!-- \/ Yoast SEO plugin. -->","yoast_head_json":{"title":"Nachschlag zu Sarrazin - Konsumpf - Forum f\u00fcr kreative Konsumkritik - Culture Jamming, Nachhaltigkeit, Konzernkritik, Adbusting","robots":{"index":"index","follow":"follow","max-snippet":"max-snippet:-1","max-image-preview":"max-image-preview:large","max-video-preview":"max-video-preview:-1"},"canonical":"https:\/\/konsumpf.de\/?p=10033","og_locale":"de_DE","og_type":"article","og_title":"Nachschlag zu Sarrazin - Konsumpf - Forum f\u00fcr kreative Konsumkritik - Culture Jamming, Nachhaltigkeit, Konzernkritik, Adbusting","og_description":"Nachdem ich Herrn Sarrazin vorgestern kurz erw\u00e4hnt habe, m\u00f6chte ich doch noch folgenden beiden Fundst\u00fccke zu dem Thema unters \u00fcberfremdete Volk bringen \u2013 zum einen den sehr interessanten Artikel \u201eDie L\u00fcgen des Thilo Sarrazin (Teil 1)\u201c und \u201eTeil 2\u201c, erschienen im Hintergrund, in dem Autor Martin Kreickenbaum aufzeigt, wie manches, was Sarrazin da schreibt, haneb\u00fcchen [&hellip;]","og_url":"https:\/\/konsumpf.de\/?p=10033","og_site_name":"Konsumpf - Forum f\u00fcr kreative Konsumkritik - Culture Jamming, Nachhaltigkeit, Konzernkritik, Adbusting","article_published_time":"2010-12-04T09:13:47+00:00","author":"Peter M.","twitter_card":"summary_large_image","twitter_misc":{"Verfasst von":"Peter M.","Gesch\u00e4tzte Lesezeit":"1\u00a0Minute"},"schema":{"@context":"https:\/\/schema.org","@graph":[{"@type":"WebPage","@id":"https:\/\/konsumpf.de\/?p=10033","url":"https:\/\/konsumpf.de\/?p=10033","name":"Nachschlag zu Sarrazin - Konsumpf - Forum f\u00fcr kreative Konsumkritik - Culture Jamming, Nachhaltigkeit, Konzernkritik, Adbusting","isPartOf":{"@id":"https:\/\/konsumpf.de\/#website"},"datePublished":"2010-12-04T09:13:47+00:00","author":{"@id":"https:\/\/konsumpf.de\/#\/schema\/person\/e595a6d286b26994e7e0926d70699070"},"breadcrumb":{"@id":"https:\/\/konsumpf.de\/?p=10033#breadcrumb"},"inLanguage":"de","potentialAction":[{"@type":"ReadAction","target":["https:\/\/konsumpf.de\/?p=10033"]}]},{"@type":"BreadcrumbList","@id":"https:\/\/konsumpf.de\/?p=10033#breadcrumb","itemListElement":[{"@type":"ListItem","position":1,"name":"Startseite","item":"https:\/\/konsumpf.de\/"},{"@type":"ListItem","position":2,"name":"Nachschlag zu Sarrazin"}]},{"@type":"WebSite","@id":"https:\/\/konsumpf.de\/#website","url":"https:\/\/konsumpf.de\/","name":"Konsumpf - Forum f\u00fcr kreative Konsumkritik - Culture Jamming, Nachhaltigkeit, Konzernkritik, Adbusting","description":"","potentialAction":[{"@type":"SearchAction","target":{"@type":"EntryPoint","urlTemplate":"https:\/\/konsumpf.de\/?s={search_term_string}"},"query-input":{"@type":"PropertyValueSpecification","valueRequired":true,"valueName":"search_term_string"}}],"inLanguage":"de"},{"@type":"Person","@id":"https:\/\/konsumpf.de\/#\/schema\/person\/e595a6d286b26994e7e0926d70699070","name":"Peter M.","sameAs":["http:\/\/konsumpf.de"]}]}},"_links":{"self":[{"href":"https:\/\/konsumpf.de\/index.php?rest_route=\/wp\/v2\/posts\/10033"}],"collection":[{"href":"https:\/\/konsumpf.de\/index.php?rest_route=\/wp\/v2\/posts"}],"about":[{"href":"https:\/\/konsumpf.de\/index.php?rest_route=\/wp\/v2\/types\/post"}],"author":[{"embeddable":true,"href":"https:\/\/konsumpf.de\/index.php?rest_route=\/wp\/v2\/users\/1"}],"replies":[{"embeddable":true,"href":"https:\/\/konsumpf.de\/index.php?rest_route=%2Fwp%2Fv2%2Fcomments&post=10033"}],"version-history":[{"count":8,"href":"https:\/\/konsumpf.de\/index.php?rest_route=\/wp\/v2\/posts\/10033\/revisions"}],"predecessor-version":[{"id":10152,"href":"https:\/\/konsumpf.de\/index.php?rest_route=\/wp\/v2\/posts\/10033\/revisions\/10152"}],"wp:attachment":[{"href":"https:\/\/konsumpf.de\/index.php?rest_route=%2Fwp%2Fv2%2Fmedia&parent=10033"}],"wp:term":[{"taxonomy":"category","embeddable":true,"href":"https:\/\/konsumpf.de\/index.php?rest_route=%2Fwp%2Fv2%2Fcategories&post=10033"},{"taxonomy":"post_tag","embeddable":true,"href":"https:\/\/konsumpf.de\/index.php?rest_route=%2Fwp%2Fv2%2Ftags&post=10033"}],"curies":[{"name":"wp","href":"https:\/\/api.w.org\/{rel}","templated":true}]}}