{"id":10022,"date":"2010-11-23T10:10:34","date_gmt":"2010-11-23T09:10:34","guid":{"rendered":"http:\/\/konsumpf.de\/?p=10022"},"modified":"2010-11-23T11:26:30","modified_gmt":"2010-11-23T10:26:30","slug":"einladung-zur-veranstaltungsreihe-um-den-kauf-nix-tag-in-dresden","status":"publish","type":"post","link":"https:\/\/konsumpf.de\/?p=10022","title":{"rendered":"Einladung zur Veranstaltungsreihe um den Kauf-Nix-Tag (in Dresden)"},"content":{"rendered":"<p><img loading=\"lazy\" decoding=\"async\" class=\"alignright size-medium wp-image-10027\" title=\"bnd2010-yellow-27\" src=\"http:\/\/konsumpf.de\/wp-content\/uploads\/2010\/11\/bnd2010-yellow-27-214x300.jpg\" alt=\"\" width=\"214\" height=\"300\" srcset=\"https:\/\/konsumpf.de\/wp-content\/uploads\/2010\/11\/bnd2010-yellow-27-214x300.jpg 214w, https:\/\/konsumpf.de\/wp-content\/uploads\/2010\/11\/bnd2010-yellow-27-178x249.jpg 178w, https:\/\/konsumpf.de\/wp-content\/uploads\/2010\/11\/bnd2010-yellow-27.jpg 566w\" sizes=\"(max-width: 214px) 100vw, 214px\" \/>Wie ich letzte Woche schon anmerkte, ist <a href=\"http:\/\/konsumpf.de\/?p=9753\">am 27. November internationaler <strong>Buy Nothing Day<\/strong><\/a>, ausgerufen vom kanadischen <strong>Adbusters<\/strong> Magazin. In Deutschland findet der \u201eKauf-Nix-Tag\u201c traditionell nur begrenzt Anklang \u2013 umso erfreuter war ich, also ich gerade eine Pressemitteilung einer Dresdner Gruppe rund um den dortigen Umsonstladen erhielt, die f\u00fcr diesen Tag in Dresden diverse Aktionen planen. Nat\u00fcrlich ver\u00f6ffentliche ich diesen Text an dieser Stelle auch gerne:<\/p>\n<p>&#8212;&#8212;&#8212;&#8212;<\/p>\n<p><span style=\"font-family: Arial;\"><strong>Einladung zur Veranstaltungsreihe um den Kauf-Nix-Tag<br \/>\n<\/strong><span style=\"font-family: Arial;\"><strong>Dresden, 22.10.2010.<\/strong> Am 27. November findet der 18. Internationale Kauf-Nix-Tag statt. Auch in Dresden m\u00f6chte eine freie Gruppe Engagierter kreativ und kritisch auf diesen Tag aufmerksam machen. Mit Filmen, Stra\u00dfentheater, Chorges\u00e4ngen, kostenlosem Essen, T-Shirtgestaltung und einem Radiobeitrag laden die Akteure interessierte Menschen ein, sich mit Konsumkritik und Ans\u00e4tzen alternativer Lebensformen auseinanderzusetzen!<\/span><span style=\"font-family: Arial;\"><strong><\/strong><\/span><\/span><\/p>\n<p><span style=\"font-family: Arial;\"><strong>Das Programm:<\/strong><\/span><\/p>\n<ul>\n<li><span style=\"font-family: Arial;\">Film- und Diskussionsabend am Donnerstag, 20:00 Uhr in der Ver\u00e4nderbar, G\u00f6rlitzerstr. 42, Hinterhaus<\/span><\/li>\n<li><span style=\"font-family: Arial;\">Konsumtempel-Anbetungen und politischer Chor am Freitag, ab 17:00 Uhr, Wiener Platz<\/span><\/li>\n<li><span style=\"font-family: Arial;\">Umsonst-Volxsk\u00fcche, Textilgestaltung und Film am Samstag, ab 17:00 Uhr im Umsonstladen im Sonnenhof, Alaunstr. 68<\/span><\/li>\n<li><span style=\"font-family: Arial;\">Radiobeitrag am Sonntag, ab 20 Uhr auf coloradio Dresden <\/span><\/li>\n<\/ul>\n<p><span style=\"font-family: Arial;\">F\u00fcr Interviews und R\u00fcckfragen stehen zur Verf\u00fcgung: <\/span><\/p>\n<p><span style=\"font-family: Arial;\">Gruppe Kauf-Nix-Tag DD, Mail: <a href=\"konsumglobal_dd@gmx.de\">konsumglobal_dd@gmx.de<\/a><\/span><\/span><span style=\"font-family: Arial;\"><br \/>\nDas ausf\u00fchrliche Programm findet sich auf: <span style=\"color: #0000ff;\"><a href=\"http:\/\/umsonstladen.fueralle.org\/\">http:\/\/umsonstladen.fueralle.org<\/a><\/span><\/span><\/p>\n<p><span style=\"font-family: Arial;\"><strong>Hintergrund: Internationaler Kauf-Nix-Tag<\/strong><\/span><\/p>\n<p><span style=\"font-family: Arial;\">Der Kauf-Nix-Tag (Buy Nothing Day) ist ein konsumkritischer Aktionstag. <\/span><span style=\"font-family: Lucida Grande;\"> <\/span><\/p>\n<p><span style=\"font-family: Arial;\">Seit 1992 wird dieser Tag am letzten Samstag im November organisiert, in einigen L\u00e4ndern auch einen Tag fr\u00fcher. In bereits \u00fcber 80 L\u00e4ndern wird in jedem Jahr Ende November versucht Menschen dazu zu bewegen, \u00fcber die Konsequenzen des westlichen und vor allem ihres eigenen Konsumverhaltens nachzudenken.<\/span><\/p>\n<p><span style=\"font-family: Arial;\">Initiiert wurde der Tag in den neunziger Jahren von einer medien- und konsumkritischen Gruppe um Kalle Lasn, den Mitbegr\u00fcnder der kanadischen Adbusters Media Foundation in Vancouver.<\/span><\/p>\n<p><span style=\"font-family: Arial;\">Der Zeitpunkt f\u00fcr den Aktionstag ist gut gew\u00e4hlt: Der Buy Nothing Day folgt immer auf den amerikanischen Feiertag Thanksgiving und gilt traditionell als der gr\u00f6\u00dfte Einkaufstag des Jahres. Der Buy Nothing Day wendet sich auch dem vorweihnachtlichen Einkaufs-Stress zu.<\/span><\/p>\n<h3 class='related_post_title'>Verwandte Beitr\u00e4ge:<\/h3><ul class='related_post'><li><a href=\"http:\/\/konsumpf.de\/?p=13465\" title=\"OccupyXMas &#8211; Konsumbefreite Weihnachten\">OccupyXMas &#8211; Konsumbefreite Weihnachten<\/a><\/li><li><a href=\"http:\/\/konsumpf.de\/?p=14417\" title=\"Der Buy Nothing Day 2012 am 23. &#038; 24. November\">Der Buy Nothing Day 2012 am 23. &#038; 24. November<\/a><\/li><li><a href=\"http:\/\/konsumpf.de\/?p=10076\" title=\"Heute geschlossen &#8211; Kaufen Sie nichts!\">Heute geschlossen &#8211; Kaufen Sie nichts!<\/a><\/li><li><a href=\"http:\/\/konsumpf.de\/?p=9753\" title=\"Der 27. November ist Buy Nothing Day 2010\">Der 27. November ist Buy Nothing Day 2010<\/a><\/li><li><a href=\"http:\/\/konsumpf.de\/?p=6286\" title=\"Buy Nothing Day 2009 + Wildcat General Strike am 28.11.09\">Buy Nothing Day 2009 + Wildcat General Strike am 28.11.09<\/a><\/li><\/ul>","protected":false},"excerpt":{"rendered":"<p>Wie ich letzte Woche schon anmerkte, ist am 27. November internationaler Buy Nothing Day, ausgerufen vom kanadischen Adbusters Magazin. In Deutschland findet der \u201eKauf-Nix-Tag\u201c traditionell nur begrenzt Anklang \u2013 umso erfreuter war ich, also ich gerade eine Pressemitteilung einer Dresdner Gruppe rund um den dortigen Umsonstladen erhielt, die f\u00fcr diesen Tag in Dresden diverse Aktionen [&hellip;]<\/p>\n","protected":false},"author":1,"featured_media":0,"comment_status":"open","ping_status":"open","sticky":false,"template":"","format":"standard","meta":{"footnotes":""},"categories":[18,1097,5,4],"tags":[189,188,1798,2854,228,1119,237],"yoast_head":"<!-- This site is optimized with the Yoast SEO plugin v24.4 - https:\/\/yoast.com\/wordpress\/plugins\/seo\/ -->\n<title>Einladung zur Veranstaltungsreihe um den Kauf-Nix-Tag (in Dresden) - Konsumpf - Forum f\u00fcr kreative Konsumkritik - Culture Jamming, Nachhaltigkeit, Konzernkritik, Adbusting<\/title>\n<meta name=\"robots\" content=\"index, follow, max-snippet:-1, max-image-preview:large, max-video-preview:-1\" \/>\n<link rel=\"canonical\" href=\"https:\/\/konsumpf.de\/?p=10022\" \/>\n<meta property=\"og:locale\" content=\"de_DE\" \/>\n<meta property=\"og:type\" content=\"article\" \/>\n<meta property=\"og:title\" content=\"Einladung zur Veranstaltungsreihe um den Kauf-Nix-Tag (in Dresden) - Konsumpf - Forum f\u00fcr kreative Konsumkritik - Culture Jamming, Nachhaltigkeit, Konzernkritik, Adbusting\" \/>\n<meta property=\"og:description\" content=\"Wie ich letzte Woche schon anmerkte, ist am 27. November internationaler Buy Nothing Day, ausgerufen vom kanadischen Adbusters Magazin. In Deutschland findet der \u201eKauf-Nix-Tag\u201c traditionell nur begrenzt Anklang \u2013 umso erfreuter war ich, also ich gerade eine Pressemitteilung einer Dresdner Gruppe rund um den dortigen Umsonstladen erhielt, die f\u00fcr diesen Tag in Dresden diverse Aktionen [&hellip;]\" \/>\n<meta property=\"og:url\" content=\"https:\/\/konsumpf.de\/?p=10022\" \/>\n<meta property=\"og:site_name\" content=\"Konsumpf - Forum f\u00fcr kreative Konsumkritik - Culture Jamming, Nachhaltigkeit, Konzernkritik, Adbusting\" \/>\n<meta property=\"article:published_time\" content=\"2010-11-23T09:10:34+00:00\" \/>\n<meta property=\"article:modified_time\" content=\"2010-11-23T10:26:30+00:00\" \/>\n<meta property=\"og:image\" content=\"http:\/\/konsumpf.de\/wp-content\/uploads\/2010\/11\/bnd2010-yellow-27-214x300.jpg\" \/>\n<meta name=\"author\" content=\"Peter M.\" \/>\n<meta name=\"twitter:card\" content=\"summary_large_image\" \/>\n<meta name=\"twitter:label1\" content=\"Verfasst von\" \/>\n\t<meta name=\"twitter:data1\" content=\"Peter M.\" \/>\n\t<meta name=\"twitter:label2\" content=\"Gesch\u00e4tzte Lesezeit\" \/>\n\t<meta name=\"twitter:data2\" content=\"2\u00a0Minuten\" \/>\n<script type=\"application\/ld+json\" class=\"yoast-schema-graph\">{\"@context\":\"https:\/\/schema.org\",\"@graph\":[{\"@type\":\"WebPage\",\"@id\":\"https:\/\/konsumpf.de\/?p=10022\",\"url\":\"https:\/\/konsumpf.de\/?p=10022\",\"name\":\"Einladung zur Veranstaltungsreihe um den Kauf-Nix-Tag (in Dresden) - Konsumpf - Forum f\u00fcr kreative Konsumkritik - Culture Jamming, Nachhaltigkeit, Konzernkritik, Adbusting\",\"isPartOf\":{\"@id\":\"https:\/\/konsumpf.de\/#website\"},\"primaryImageOfPage\":{\"@id\":\"https:\/\/konsumpf.de\/?p=10022#primaryimage\"},\"image\":{\"@id\":\"https:\/\/konsumpf.de\/?p=10022#primaryimage\"},\"thumbnailUrl\":\"http:\/\/konsumpf.de\/wp-content\/uploads\/2010\/11\/bnd2010-yellow-27-214x300.jpg\",\"datePublished\":\"2010-11-23T09:10:34+00:00\",\"dateModified\":\"2010-11-23T10:26:30+00:00\",\"author\":{\"@id\":\"https:\/\/konsumpf.de\/#\/schema\/person\/e595a6d286b26994e7e0926d70699070\"},\"breadcrumb\":{\"@id\":\"https:\/\/konsumpf.de\/?p=10022#breadcrumb\"},\"inLanguage\":\"de\",\"potentialAction\":[{\"@type\":\"ReadAction\",\"target\":[\"https:\/\/konsumpf.de\/?p=10022\"]}]},{\"@type\":\"ImageObject\",\"inLanguage\":\"de\",\"@id\":\"https:\/\/konsumpf.de\/?p=10022#primaryimage\",\"url\":\"https:\/\/konsumpf.de\/wp-content\/uploads\/2010\/11\/bnd2010-yellow-27.jpg\",\"contentUrl\":\"https:\/\/konsumpf.de\/wp-content\/uploads\/2010\/11\/bnd2010-yellow-27.jpg\",\"width\":\"566\",\"height\":\"792\"},{\"@type\":\"BreadcrumbList\",\"@id\":\"https:\/\/konsumpf.de\/?p=10022#breadcrumb\",\"itemListElement\":[{\"@type\":\"ListItem\",\"position\":1,\"name\":\"Startseite\",\"item\":\"https:\/\/konsumpf.de\/\"},{\"@type\":\"ListItem\",\"position\":2,\"name\":\"Einladung zur Veranstaltungsreihe um den Kauf-Nix-Tag (in Dresden)\"}]},{\"@type\":\"WebSite\",\"@id\":\"https:\/\/konsumpf.de\/#website\",\"url\":\"https:\/\/konsumpf.de\/\",\"name\":\"Konsumpf - Forum f\u00fcr kreative Konsumkritik - Culture Jamming, Nachhaltigkeit, Konzernkritik, Adbusting\",\"description\":\"\",\"potentialAction\":[{\"@type\":\"SearchAction\",\"target\":{\"@type\":\"EntryPoint\",\"urlTemplate\":\"https:\/\/konsumpf.de\/?s={search_term_string}\"},\"query-input\":{\"@type\":\"PropertyValueSpecification\",\"valueRequired\":true,\"valueName\":\"search_term_string\"}}],\"inLanguage\":\"de\"},{\"@type\":\"Person\",\"@id\":\"https:\/\/konsumpf.de\/#\/schema\/person\/e595a6d286b26994e7e0926d70699070\",\"name\":\"Peter M.\",\"sameAs\":[\"http:\/\/konsumpf.de\"]}]}<\/script>\n<!-- \/ Yoast SEO plugin. -->","yoast_head_json":{"title":"Einladung zur Veranstaltungsreihe um den Kauf-Nix-Tag (in Dresden) - Konsumpf - Forum f\u00fcr kreative Konsumkritik - Culture Jamming, Nachhaltigkeit, Konzernkritik, Adbusting","robots":{"index":"index","follow":"follow","max-snippet":"max-snippet:-1","max-image-preview":"max-image-preview:large","max-video-preview":"max-video-preview:-1"},"canonical":"https:\/\/konsumpf.de\/?p=10022","og_locale":"de_DE","og_type":"article","og_title":"Einladung zur Veranstaltungsreihe um den Kauf-Nix-Tag (in Dresden) - Konsumpf - Forum f\u00fcr kreative Konsumkritik - Culture Jamming, Nachhaltigkeit, Konzernkritik, Adbusting","og_description":"Wie ich letzte Woche schon anmerkte, ist am 27. November internationaler Buy Nothing Day, ausgerufen vom kanadischen Adbusters Magazin. In Deutschland findet der \u201eKauf-Nix-Tag\u201c traditionell nur begrenzt Anklang \u2013 umso erfreuter war ich, also ich gerade eine Pressemitteilung einer Dresdner Gruppe rund um den dortigen Umsonstladen erhielt, die f\u00fcr diesen Tag in Dresden diverse Aktionen [&hellip;]","og_url":"https:\/\/konsumpf.de\/?p=10022","og_site_name":"Konsumpf - Forum f\u00fcr kreative Konsumkritik - Culture Jamming, Nachhaltigkeit, Konzernkritik, Adbusting","article_published_time":"2010-11-23T09:10:34+00:00","article_modified_time":"2010-11-23T10:26:30+00:00","og_image":[{"url":"http:\/\/konsumpf.de\/wp-content\/uploads\/2010\/11\/bnd2010-yellow-27-214x300.jpg","type":"","width":"","height":""}],"author":"Peter M.","twitter_card":"summary_large_image","twitter_misc":{"Verfasst von":"Peter M.","Gesch\u00e4tzte Lesezeit":"2\u00a0Minuten"},"schema":{"@context":"https:\/\/schema.org","@graph":[{"@type":"WebPage","@id":"https:\/\/konsumpf.de\/?p=10022","url":"https:\/\/konsumpf.de\/?p=10022","name":"Einladung zur Veranstaltungsreihe um den Kauf-Nix-Tag (in Dresden) - Konsumpf - Forum f\u00fcr kreative Konsumkritik - Culture Jamming, Nachhaltigkeit, Konzernkritik, Adbusting","isPartOf":{"@id":"https:\/\/konsumpf.de\/#website"},"primaryImageOfPage":{"@id":"https:\/\/konsumpf.de\/?p=10022#primaryimage"},"image":{"@id":"https:\/\/konsumpf.de\/?p=10022#primaryimage"},"thumbnailUrl":"http:\/\/konsumpf.de\/wp-content\/uploads\/2010\/11\/bnd2010-yellow-27-214x300.jpg","datePublished":"2010-11-23T09:10:34+00:00","dateModified":"2010-11-23T10:26:30+00:00","author":{"@id":"https:\/\/konsumpf.de\/#\/schema\/person\/e595a6d286b26994e7e0926d70699070"},"breadcrumb":{"@id":"https:\/\/konsumpf.de\/?p=10022#breadcrumb"},"inLanguage":"de","potentialAction":[{"@type":"ReadAction","target":["https:\/\/konsumpf.de\/?p=10022"]}]},{"@type":"ImageObject","inLanguage":"de","@id":"https:\/\/konsumpf.de\/?p=10022#primaryimage","url":"https:\/\/konsumpf.de\/wp-content\/uploads\/2010\/11\/bnd2010-yellow-27.jpg","contentUrl":"https:\/\/konsumpf.de\/wp-content\/uploads\/2010\/11\/bnd2010-yellow-27.jpg","width":"566","height":"792"},{"@type":"BreadcrumbList","@id":"https:\/\/konsumpf.de\/?p=10022#breadcrumb","itemListElement":[{"@type":"ListItem","position":1,"name":"Startseite","item":"https:\/\/konsumpf.de\/"},{"@type":"ListItem","position":2,"name":"Einladung zur Veranstaltungsreihe um den Kauf-Nix-Tag (in Dresden)"}]},{"@type":"WebSite","@id":"https:\/\/konsumpf.de\/#website","url":"https:\/\/konsumpf.de\/","name":"Konsumpf - Forum f\u00fcr kreative Konsumkritik - Culture Jamming, Nachhaltigkeit, Konzernkritik, Adbusting","description":"","potentialAction":[{"@type":"SearchAction","target":{"@type":"EntryPoint","urlTemplate":"https:\/\/konsumpf.de\/?s={search_term_string}"},"query-input":{"@type":"PropertyValueSpecification","valueRequired":true,"valueName":"search_term_string"}}],"inLanguage":"de"},{"@type":"Person","@id":"https:\/\/konsumpf.de\/#\/schema\/person\/e595a6d286b26994e7e0926d70699070","name":"Peter M.","sameAs":["http:\/\/konsumpf.de"]}]}},"_links":{"self":[{"href":"https:\/\/konsumpf.de\/index.php?rest_route=\/wp\/v2\/posts\/10022"}],"collection":[{"href":"https:\/\/konsumpf.de\/index.php?rest_route=\/wp\/v2\/posts"}],"about":[{"href":"https:\/\/konsumpf.de\/index.php?rest_route=\/wp\/v2\/types\/post"}],"author":[{"embeddable":true,"href":"https:\/\/konsumpf.de\/index.php?rest_route=\/wp\/v2\/users\/1"}],"replies":[{"embeddable":true,"href":"https:\/\/konsumpf.de\/index.php?rest_route=%2Fwp%2Fv2%2Fcomments&post=10022"}],"version-history":[{"count":8,"href":"https:\/\/konsumpf.de\/index.php?rest_route=\/wp\/v2\/posts\/10022\/revisions"}],"predecessor-version":[{"id":10041,"href":"https:\/\/konsumpf.de\/index.php?rest_route=\/wp\/v2\/posts\/10022\/revisions\/10041"}],"wp:attachment":[{"href":"https:\/\/konsumpf.de\/index.php?rest_route=%2Fwp%2Fv2%2Fmedia&parent=10022"}],"wp:term":[{"taxonomy":"category","embeddable":true,"href":"https:\/\/konsumpf.de\/index.php?rest_route=%2Fwp%2Fv2%2Fcategories&post=10022"},{"taxonomy":"post_tag","embeddable":true,"href":"https:\/\/konsumpf.de\/index.php?rest_route=%2Fwp%2Fv2%2Ftags&post=10022"}],"curies":[{"name":"wp","href":"https:\/\/api.w.org\/{rel}","templated":true}]}}